{"id":20449,"date":"2022-04-13T11:11:40","date_gmt":"2022-04-13T11:11:40","guid":{"rendered":"https:\/\/naturanda.com\/cosa-vedere-e-fare-a-madrid\/"},"modified":"2022-04-13T11:11:54","modified_gmt":"2022-04-13T11:11:54","slug":"cosa-vedere-e-fare-a-madrid","status":"publish","type":"post","link":"https:\/\/naturanda.com\/it\/cosa-vedere-e-fare-a-madrid\/","title":{"rendered":"Cosa vedere e fare a Madrid"},"content":{"rendered":"\t\t<div data-elementor-type=\"wp-post\" data-elementor-id=\"20449\" class=\"elementor elementor-20449 elementor-14679\" data-elementor-post-type=\"post\">\n\t\t\t\t\t\t<section class=\"elementor-section elementor-top-section elementor-element elementor-element-f70495c elementor-section-full_width elementor-section-height-min-height elementor-section-height-default elementor-section-items-middle\" data-id=\"f70495c\" data-element_type=\"section\" data-e-type=\"section\" data-settings=\"{&quot;background_background&quot;:&quot;classic&quot;}\">\n\t\t\t\t\t\t<div class=\"elementor-container elementor-column-gap-default\">\n\t\t\t\t\t<div class=\"elementor-column elementor-col-100 elementor-top-column elementor-element elementor-element-ae34388\" data-id=\"ae34388\" data-element_type=\"column\" data-e-type=\"column\">\n\t\t\t<div class=\"elementor-widget-wrap elementor-element-populated\">\n\t\t\t\t\t\t<div class=\"elementor-element elementor-element-b30ccb6 elementor-widget elementor-widget-heading\" data-id=\"b30ccb6\" data-element_type=\"widget\" data-e-type=\"widget\" data-widget_type=\"heading.default\">\n\t\t\t\t<div class=\"elementor-widget-container\">\n\t\t\t\t\t<h1 class=\"elementor-heading-title elementor-size-default\">Cosa vedere e fare a Madrid<\/h1>\t\t\t\t<\/div>\n\t\t\t\t<\/div>\n\t\t\t\t\t<\/div>\n\t\t<\/div>\n\t\t\t\t\t<\/div>\n\t\t<\/section>\n\t\t\t\t<section class=\"elementor-section elementor-top-section elementor-element elementor-element-cb0fb04 elementor-section-boxed elementor-section-height-default elementor-section-height-default\" data-id=\"cb0fb04\" data-element_type=\"section\" data-e-type=\"section\">\n\t\t\t\t\t\t<div class=\"elementor-container elementor-column-gap-default\">\n\t\t\t\t\t<div class=\"elementor-column elementor-col-100 elementor-top-column elementor-element elementor-element-17336ad\" data-id=\"17336ad\" data-element_type=\"column\" data-e-type=\"column\">\n\t\t\t<div class=\"elementor-widget-wrap elementor-element-populated\">\n\t\t\t\t\t\t<div class=\"elementor-element elementor-element-abaeeae elementor-widget elementor-widget-text-editor\" data-id=\"abaeeae\" data-element_type=\"widget\" data-e-type=\"widget\" data-widget_type=\"text-editor.default\">\n\t\t\t\t<div class=\"elementor-widget-container\">\n\t\t\t\t\t\t\t\t\t<p>Madrid \u00e8 una citt\u00e0 di eleganti viali e grandi parchi reali ben curati. Famosa per le sue ricche collezioni d&#8217;arte europea, tra cui opere di Goya, Vel\u00e1zquez e altri maestri spagnoli, \u00e8 anche il cuore della Spagna; contando su un bellissimo centro storico, come la Plaza Mayor, e nelle sue vicinanze con monumenti dell&#8217;importanza del Palazzo Reale e dell&#8217;Armeria.<\/p><p>Ma Madrid \u00e8 anche il mercato domenicale di El Rastro nel quartiere medievale di La Latina, la centralissima Plaza Puerta del Sol con il monumento all&#8217;orso e il corbezzolo sullo stemma cittadino, il Museo Archeologico Nazionale con la sua ricca collezione di manufatti e il Santiago Bernab\u00e9u, lo stadio del Real Madrid.<\/p>\t\t\t\t\t\t\t\t<\/div>\n\t\t\t\t<\/div>\n\t\t\t\t<div class=\"elementor-element elementor-element-8ac620a elementor-widget elementor-widget-heading\" data-id=\"8ac620a\" data-element_type=\"widget\" data-e-type=\"widget\" data-widget_type=\"heading.default\">\n\t\t\t\t<div class=\"elementor-widget-container\">\n\t\t\t\t\t<h2 class=\"elementor-heading-title elementor-size-default\">Cosa fare a Madrid questo fine settimana<\/h2>\t\t\t\t<\/div>\n\t\t\t\t<\/div>\n\t\t\t\t<div class=\"elementor-element elementor-element-39f6d9c elementor-widget elementor-widget-text-editor\" data-id=\"39f6d9c\" data-element_type=\"widget\" data-e-type=\"widget\" data-widget_type=\"text-editor.default\">\n\t\t\t\t<div class=\"elementor-widget-container\">\n\t\t\t\t\t\t\t\t\t<p>Non sai cosa fare a Madrid per un weekend? Bene, con Naturanda non ti annoierai, scopri i migliori programmi che puoi fare a Madrid oggi.<\/p><p><div class=\"pt-cv-wrapper\"><div class=\"pt-cv-view pt-cv-scrollable pt-cv-colsys\" id=\"pt-cv-view-2e4e5e5kph\"><div data-id=\"pt-cv-page-1\" class=\"pt-cv-page\" data-cvc=\"3\"><div id=\"3515e9625q\" class=\"pt-cv-carousel pt-cv-slide\" data-ride=\"cvcarousel\" data-interval=5000>\n<div class=\"carousel-inner\"><div class=\"item active\"><div class=\"row\"><div class=\"col-md-4 col-sm-12 col-xs-12 pt-cv-content-item pt-cv-1-col\"  data-pid=\"11105\"><a href=\"https:\/\/naturanda.com\/it\/visita-ad-un-allevamento-di-tori-coraggioso-a-madrid\/\" class=\"_self pt-cv-href-thumbnail pt-cv-thumb-default cvplbd cvp-responsive-image img-none\" target=\"_self\" ><img fetchpriority=\"high\" decoding=\"async\" width=\"300\" height=\"176\" src=\"https:\/\/naturanda.com\/wp-content\/uploads\/2020\/02\/visita-a-una-ganaderia-de-toros-bravos-en-madrid-300x176.jpg\" class=\"pt-cv-thumbnail img-none no-lazyload \" alt=\"Visita A Un Allevamento Di Tori Da Allevamento A Madrid\" srcset=\"https:\/\/naturanda.com\/wp-content\/uploads\/2020\/02\/visita-a-una-ganaderia-de-toros-bravos-en-madrid-300x176.jpg 300w, https:\/\/naturanda.com\/wp-content\/uploads\/2020\/02\/visita-a-una-ganaderia-de-toros-bravos-en-madrid-150x88.jpg 150w, https:\/\/naturanda.com\/wp-content\/uploads\/2020\/02\/visita-a-una-ganaderia-de-toros-bravos-en-madrid-768x451.jpg 768w, https:\/\/naturanda.com\/wp-content\/uploads\/2020\/02\/visita-a-una-ganaderia-de-toros-bravos-en-madrid.jpg 882w\" sizes=\"(max-width: 300px) 100vw, 300px\" data-no-lazy=\"1\" \/><\/a>\n<div class=\"pt-cv-carousel-caption pt-cv-cap-w-img\"><h3 class=\"pt-cv-title\"><a href=\"https:\/\/naturanda.com\/it\/visita-ad-un-allevamento-di-tori-coraggioso-a-madrid\/\" class=\"_self cvplbd\" target=\"_self\" >Visita privata ad un allevamento di tori a Madrid<\/a><\/h3><\/div><\/div>\n<div class=\"col-md-4 col-sm-12 col-xs-12 pt-cv-content-item pt-cv-1-col\"  data-pid=\"11111\"><a href=\"https:\/\/naturanda.com\/it\/parco-nazionale-di-guadarrama\/\" class=\"_self pt-cv-href-thumbnail pt-cv-thumb-default cvplbd cvp-responsive-image img-none\" target=\"_self\" ><img decoding=\"async\" width=\"300\" height=\"200\" src=\"https:\/\/naturanda.com\/wp-content\/uploads\/2025\/02\/excursion-parque-nacional-guadarrama-2-300x200.webp\" class=\"pt-cv-thumbnail img-none no-lazyload \" alt=\"Clientes disfrutando de la excursi\u00f3n por el Parque Nacional de Guadarrama\" srcset=\"https:\/\/naturanda.com\/wp-content\/uploads\/2025\/02\/excursion-parque-nacional-guadarrama-2-300x200.webp 300w, https:\/\/naturanda.com\/wp-content\/uploads\/2025\/02\/excursion-parque-nacional-guadarrama-2-1024x683.webp 1024w, https:\/\/naturanda.com\/wp-content\/uploads\/2025\/02\/excursion-parque-nacional-guadarrama-2-150x100.webp 150w, https:\/\/naturanda.com\/wp-content\/uploads\/2025\/02\/excursion-parque-nacional-guadarrama-2-768x512.webp 768w, https:\/\/naturanda.com\/wp-content\/uploads\/2025\/02\/excursion-parque-nacional-guadarrama-2.webp 1200w\" sizes=\"(max-width: 300px) 100vw, 300px\" data-no-lazy=\"1\" \/><\/a>\n<div class=\"pt-cv-carousel-caption pt-cv-cap-w-img\"><h3 class=\"pt-cv-title\"><a href=\"https:\/\/naturanda.com\/it\/parco-nazionale-di-guadarrama\/\" class=\"_self cvplbd\" target=\"_self\" >Parco Nazionale di Guadarrama<\/a><\/h3><\/div><\/div>\n<div class=\"col-md-4 col-sm-12 col-xs-12 pt-cv-content-item pt-cv-1-col\"  data-pid=\"11008\"><a href=\"https:\/\/naturanda.com\/it\/madrid-incantato\/\" class=\"_self pt-cv-href-thumbnail pt-cv-thumb-default cvplbd cvp-responsive-image img-none\" target=\"_self\" ><img decoding=\"async\" width=\"300\" height=\"225\" src=\"https:\/\/naturanda.com\/wp-content\/uploads\/2020\/04\/madrid-plaza-villa-noche-3-300x225.jpg\" class=\"pt-cv-thumbnail img-none no-lazyload \" alt=\"Madrid Plaza Villa Noche\" srcset=\"https:\/\/naturanda.com\/wp-content\/uploads\/2020\/04\/madrid-plaza-villa-noche-3-300x225.jpg 300w, https:\/\/naturanda.com\/wp-content\/uploads\/2020\/04\/madrid-plaza-villa-noche-3-150x113.jpg 150w, https:\/\/naturanda.com\/wp-content\/uploads\/2020\/04\/madrid-plaza-villa-noche-3-768x576.jpg 768w, https:\/\/naturanda.com\/wp-content\/uploads\/2020\/04\/madrid-plaza-villa-noche-3.jpg 960w\" sizes=\"(max-width: 300px) 100vw, 300px\" data-no-lazy=\"1\" \/><\/a>\n<div class=\"pt-cv-carousel-caption pt-cv-cap-w-img\"><h3 class=\"pt-cv-title\"><a href=\"https:\/\/naturanda.com\/it\/madrid-incantato\/\" class=\"_self cvplbd\" target=\"_self\" >Madrid Incantato<\/a><\/h3><\/div><\/div>\n<div class=\"col-md-4 col-sm-12 col-xs-12 pt-cv-content-item pt-cv-1-col\"  data-pid=\"11015\"><a href=\"https:\/\/naturanda.com\/it\/visita-guidata-madrid-monumentale\/\" class=\"_self pt-cv-href-thumbnail pt-cv-thumb-default cvplbd cvp-responsive-image img-none\" target=\"_self\" ><img loading=\"lazy\" decoding=\"async\" width=\"300\" height=\"176\" src=\"https:\/\/naturanda.com\/wp-content\/uploads\/2020\/02\/visita-la-madrid-monmental-300x176.jpg\" class=\"pt-cv-thumbnail img-none no-lazyload \" alt=\"Visita la Madrid monumentale\" srcset=\"https:\/\/naturanda.com\/wp-content\/uploads\/2020\/02\/visita-la-madrid-monmental-300x176.jpg 300w, https:\/\/naturanda.com\/wp-content\/uploads\/2020\/02\/visita-la-madrid-monmental-150x88.jpg 150w, https:\/\/naturanda.com\/wp-content\/uploads\/2020\/02\/visita-la-madrid-monmental-768x451.jpg 768w, https:\/\/naturanda.com\/wp-content\/uploads\/2020\/02\/visita-la-madrid-monmental.jpg 882w\" sizes=\"(max-width: 300px) 100vw, 300px\" data-no-lazy=\"1\" \/><\/a>\n<div class=\"pt-cv-carousel-caption pt-cv-cap-w-img\"><h3 class=\"pt-cv-title\"><a href=\"https:\/\/naturanda.com\/it\/visita-guidata-madrid-monumentale\/\" class=\"_self cvplbd\" target=\"_self\" >Visita Madrid Monumentale: Prado, tour a piedi e Palazzo Reale<\/a><\/h3><\/div><\/div>\n<div class=\"col-md-4 col-sm-12 col-xs-12 pt-cv-content-item pt-cv-1-col\"  data-pid=\"11038\"><a href=\"https:\/\/naturanda.com\/it\/visita-guidata-di-madrid-essential\/\" class=\"_self pt-cv-href-thumbnail pt-cv-thumb-default cvplbd cvp-responsive-image img-none\" target=\"_self\" ><img loading=\"lazy\" decoding=\"async\" width=\"300\" height=\"176\" src=\"https:\/\/naturanda.com\/wp-content\/uploads\/2020\/02\/madrid-esencial-300x176.jpg\" class=\"pt-cv-thumbnail img-none no-lazyload \" alt=\"Visita guidata di Madrid Essential - Naturanda Tours\" srcset=\"https:\/\/naturanda.com\/wp-content\/uploads\/2020\/02\/madrid-esencial-300x176.jpg 300w, https:\/\/naturanda.com\/wp-content\/uploads\/2020\/02\/madrid-esencial-150x88.jpg 150w, https:\/\/naturanda.com\/wp-content\/uploads\/2020\/02\/madrid-esencial-768x451.jpg 768w, https:\/\/naturanda.com\/wp-content\/uploads\/2020\/02\/madrid-esencial.jpg 882w\" sizes=\"(max-width: 300px) 100vw, 300px\" data-no-lazy=\"1\" \/><\/a>\n<div class=\"pt-cv-carousel-caption pt-cv-cap-w-img\"><h3 class=\"pt-cv-title\"><a href=\"https:\/\/naturanda.com\/it\/visita-guidata-di-madrid-essential\/\" class=\"_self cvplbd\" target=\"_self\" >Visita guidata di Madrid Essential &#8211; Naturanda Tours<\/a><\/h3><\/div><\/div><\/div><\/div><\/div>\n<\/div><\/div><\/div><\/div>\t\t\t<style type=\"text\/css\" id=\"pt-cv-inline-style-e565463kjd\">#pt-cv-view-2e4e5e5kph.pt-cv-post-border { margin: 0; border-top-width: 1px; border-left-width: 1px }\n#pt-cv-view-2e4e5e5kph.pt-cv-post-border { margin: 0; border-top-style: solid; border-left-style: solid }\n#pt-cv-view-2e4e5e5kph.pt-cv-post-border .pt-cv-content-item   { border-right-width: 1px; border-bottom-width: 1px; border-right-style: solid; border-bottom-style: solid; }\n#pt-cv-view-2e4e5e5kph .pt-cv-title a, #pt-cv-view-2e4e5e5kph  .panel-title { font-weight: 600 !important; }\n#pt-cv-view-2e4e5e5kph  .pt-cv-hover-wrapper::before   { background-color: rgba(0,0,0,.3) !important; }\n#pt-cv-view-2e4e5e5kph  .pt-cv-content-item:hover .pt-cv-hover-wrapper::before   { background-color: rgba(51,51,51,.6) !important; }\n#pt-cv-view-2e4e5e5kph:not(.pt-cv-nohover) .pt-cv-mask *   { color: #fff; }\n#pt-cv-view-2e4e5e5kph .pt-cv-carousel-caption  { background-color: rgba(51,51,51,.6) !important; }\n#pt-cv-view-2e4e5e5kph .pt-cv-specialp { background-color: #CC3333 !important }\n#pt-cv-view-2e4e5e5kph .pt-cv-specialp * { color: #fff !important; }\n#pt-cv-view-2e4e5e5kph .pt-cv-pficon  { color: #bbb !important; }\n#pt-cv-view-2e4e5e5kph  .add_to_cart_button, #pt-cv-view-2e4e5e5kph  .add_to_cart_button *   { color: #ffffff !important; background-color: #00aeef !important; }\n#pt-cv-view-2e4e5e5kph  .woocommerce-onsale   { color: #ffffff !important; background-color: #ff5a5f !important; }\n#pt-cv-view-2e4e5e5kph .pt-cv-readmore  { color: #ffffff !important; background-color: #00aeef !important; }\n#pt-cv-view-2e4e5e5kph .pt-cv-readmore:hover  { color: #ffffff !important; background-color: #00aeef !important; }\n#pt-cv-view-2e4e5e5kph  + .pt-cv-pagination-wrapper .pt-cv-more , #pt-cv-view-2e4e5e5kph  + .pt-cv-pagination-wrapper .pagination .active a { color: #ffffff !important; background-color: #00aeef !important; }\n[id^='pt-cv-filter-bar-2e4e5e5kph'] .active.pt-cv-filter-option, [id^='pt-cv-filter-bar-2e4e5e5kph'] .active .pt-cv-filter-option, [id^='pt-cv-filter-bar-2e4e5e5kph'] .selected.pt-cv-filter-option, [id^='pt-cv-filter-bar-2e4e5e5kph'] .dropdown-toggle   { color: #fff !important; background-color: #00aeef !important; }\n[id^='pt-cv-filter-bar-2e4e5e5kph'] .pt-cv-filter-title   { color: #fff !important; background-color: #00aeef !important; }\n#pt-cv-gls-2e4e5e5kph li a.pt-active   { color: #fff !important; background-color: #ff5a5f !important; }\n#pt-cv-view-2e4e5e5kph .pt-cv-gls-header  { color: #fff !important; background-color: #00aeef !important; }\n#pt-cv-view-2e4e5e5kph .cvp-responsive-image[style*=\"background-image\"] { width: 300px; height: 300px; }<\/style>\r\n\t\t\t<\/p>\t\t\t\t\t\t\t\t<\/div>\n\t\t\t\t<\/div>\n\t\t\t\t\t<\/div>\n\t\t<\/div>\n\t\t\t\t\t<\/div>\n\t\t<\/section>\n\t\t\t\t<section class=\"elementor-section elementor-top-section elementor-element elementor-element-4383a5f elementor-section-boxed elementor-section-height-default elementor-section-height-default\" data-id=\"4383a5f\" data-element_type=\"section\" data-e-type=\"section\">\n\t\t\t\t\t\t<div class=\"elementor-container elementor-column-gap-default\">\n\t\t\t\t\t<div class=\"elementor-column elementor-col-100 elementor-top-column elementor-element elementor-element-37efefb\" data-id=\"37efefb\" data-element_type=\"column\" data-e-type=\"column\">\n\t\t\t<div class=\"elementor-widget-wrap elementor-element-populated\">\n\t\t\t\t\t\t<div class=\"elementor-element elementor-element-7c347c1 elementor-widget elementor-widget-heading\" data-id=\"7c347c1\" data-element_type=\"widget\" data-e-type=\"widget\" data-widget_type=\"heading.default\">\n\t\t\t\t<div class=\"elementor-widget-container\">\n\t\t\t\t\t<h2 class=\"elementor-heading-title elementor-size-default\">Cosa vedere a Madrid in un giorno?<\/h2>\t\t\t\t<\/div>\n\t\t\t\t<\/div>\n\t\t\t\t\t<\/div>\n\t\t<\/div>\n\t\t\t\t\t<\/div>\n\t\t<\/section>\n\t\t\t\t<section class=\"elementor-section elementor-top-section elementor-element elementor-element-aa71458 elementor-section-boxed elementor-section-height-default elementor-section-height-default\" data-id=\"aa71458\" data-element_type=\"section\" data-e-type=\"section\">\n\t\t\t\t\t\t<div class=\"elementor-container elementor-column-gap-default\">\n\t\t\t\t\t<div class=\"elementor-column elementor-col-100 elementor-top-column elementor-element elementor-element-d83265f\" data-id=\"d83265f\" data-element_type=\"column\" data-e-type=\"column\">\n\t\t\t<div class=\"elementor-widget-wrap elementor-element-populated\">\n\t\t\t\t\t\t<div class=\"elementor-element elementor-element-6ce7623 elementor-widget elementor-widget-text-editor\" data-id=\"6ce7623\" data-element_type=\"widget\" data-e-type=\"widget\" data-widget_type=\"text-editor.default\">\n\t\t\t\t<div class=\"elementor-widget-container\">\n\t\t\t\t\t\t\t\t\t<p><div class=\"pt-cv-wrapper\"><div class=\"pt-cv-view pt-cv-scrollable pt-cv-colsys\" id=\"pt-cv-view-cc4e760tzl\"><div data-id=\"pt-cv-page-1\" class=\"pt-cv-page\" data-cvc=\"3\"><div id=\"1f19846qcp\" class=\"pt-cv-carousel pt-cv-slide\" data-ride=\"cvcarousel\" data-interval=5000>\n<div class=\"carousel-inner\"><div class=\"item active\"><div class=\"row\"><div class=\"col-md-4 col-sm-12 col-xs-12 pt-cv-content-item pt-cv-1-col\"  data-pid=\"11092\"><a href=\"https:\/\/naturanda.com\/it\/museo-del-prado-di-madrid\/\" class=\"_self pt-cv-href-thumbnail pt-cv-thumb-default cvplbd cvp-responsive-image img-none\" target=\"_self\" ><img loading=\"lazy\" decoding=\"async\" width=\"300\" height=\"200\" src=\"https:\/\/naturanda.com\/wp-content\/uploads\/2020\/02\/las-meninas-prado-300x200.jpg\" class=\"pt-cv-thumbnail img-none no-lazyload \" alt=\"Las Meninas Prado\" srcset=\"https:\/\/naturanda.com\/wp-content\/uploads\/2020\/02\/las-meninas-prado-300x200.jpg 300w, https:\/\/naturanda.com\/wp-content\/uploads\/2020\/02\/las-meninas-prado-150x100.jpg 150w, https:\/\/naturanda.com\/wp-content\/uploads\/2020\/02\/las-meninas-prado.jpg 640w\" sizes=\"(max-width: 300px) 100vw, 300px\" data-no-lazy=\"1\" \/><\/a>\n<div class=\"pt-cv-carousel-caption pt-cv-cap-w-img\"><h3 class=\"pt-cv-title\"><a href=\"https:\/\/naturanda.com\/it\/museo-del-prado-di-madrid\/\" class=\"_self cvplbd\" target=\"_self\" >Museo del Prado di Madrid<\/a><\/h3><\/div><\/div>\n<div class=\"col-md-4 col-sm-12 col-xs-12 pt-cv-content-item pt-cv-1-col\"  data-pid=\"19937\"><a href=\"https:\/\/naturanda.com\/it\/visita-del-palazzo-reale-di-madrid\/\" class=\"_self pt-cv-href-thumbnail pt-cv-thumb-default cvplbd cvp-responsive-image img-none\" target=\"_self\" ><img loading=\"lazy\" decoding=\"async\" width=\"300\" height=\"200\" src=\"https:\/\/naturanda.com\/wp-content\/uploads\/2020\/02\/palacio-real-6-300x200.jpg\" class=\"pt-cv-thumbnail img-none no-lazyload \" alt=\"Giardino dei Sanatini\" srcset=\"https:\/\/naturanda.com\/wp-content\/uploads\/2020\/02\/palacio-real-6-300x200.jpg 300w, https:\/\/naturanda.com\/wp-content\/uploads\/2020\/02\/palacio-real-6-150x100.jpg 150w, https:\/\/naturanda.com\/wp-content\/uploads\/2020\/02\/palacio-real-6.jpg 640w\" sizes=\"(max-width: 300px) 100vw, 300px\" data-no-lazy=\"1\" \/><\/a>\n<div class=\"pt-cv-carousel-caption pt-cv-cap-w-img\"><h3 class=\"pt-cv-title\"><a href=\"https:\/\/naturanda.com\/it\/visita-del-palazzo-reale-di-madrid\/\" class=\"_self cvplbd\" target=\"_self\" >Visita del Palazzo Reale di Madrid<\/a><\/h3><\/div><\/div>\n<div class=\"col-md-4 col-sm-12 col-xs-12 pt-cv-content-item pt-cv-1-col\"  data-pid=\"10658\"><a href=\"https:\/\/naturanda.com\/it\/visita-al-parco-del-buen-retiro-di-madrid\/\" class=\"_self pt-cv-href-thumbnail pt-cv-thumb-default cvplbd cvp-responsive-image img-none\" target=\"_self\" ><img loading=\"lazy\" decoding=\"async\" width=\"300\" height=\"176\" src=\"https:\/\/naturanda.com\/wp-content\/uploads\/2020\/02\/visita-parque-retiro-de-madrid-300x176.jpg\" class=\"pt-cv-thumbnail img-none no-lazyload \" alt=\"Visita privata al Parco del Retiro di Madrid\" srcset=\"https:\/\/naturanda.com\/wp-content\/uploads\/2020\/02\/visita-parque-retiro-de-madrid-300x176.jpg 300w, https:\/\/naturanda.com\/wp-content\/uploads\/2020\/02\/visita-parque-retiro-de-madrid-150x88.jpg 150w, https:\/\/naturanda.com\/wp-content\/uploads\/2020\/02\/visita-parque-retiro-de-madrid-768x451.jpg 768w, https:\/\/naturanda.com\/wp-content\/uploads\/2020\/02\/visita-parque-retiro-de-madrid.jpg 882w\" sizes=\"(max-width: 300px) 100vw, 300px\" data-no-lazy=\"1\" \/><\/a>\n<div class=\"pt-cv-carousel-caption pt-cv-cap-w-img\"><h3 class=\"pt-cv-title\"><a href=\"https:\/\/naturanda.com\/it\/visita-al-parco-del-buen-retiro-di-madrid\/\" class=\"_self cvplbd\" target=\"_self\" >Visita privata al Parco del Retiro di Madrid<\/a><\/h3><\/div><\/div><\/div><\/div><\/div>\n<\/div><\/div><\/div><\/div>\t\t\t<style type=\"text\/css\" id=\"pt-cv-inline-style-f915c8eft8\">#pt-cv-view-cc4e760tzl.pt-cv-post-border { margin: 0; border-top-width: 1px; border-left-width: 1px }\n#pt-cv-view-cc4e760tzl.pt-cv-post-border { margin: 0; border-top-style: solid; border-left-style: solid }\n#pt-cv-view-cc4e760tzl.pt-cv-post-border .pt-cv-content-item   { border-right-width: 1px; border-bottom-width: 1px; border-right-style: solid; border-bottom-style: solid; }\n#pt-cv-view-cc4e760tzl .pt-cv-title a, #pt-cv-view-cc4e760tzl  .panel-title { font-weight: 600 !important; }\n#pt-cv-view-cc4e760tzl  .pt-cv-hover-wrapper::before   { background-color: rgba(0,0,0,.3) !important; }\n#pt-cv-view-cc4e760tzl  .pt-cv-content-item:hover .pt-cv-hover-wrapper::before   { background-color: rgba(51,51,51,.6) !important; }\n#pt-cv-view-cc4e760tzl:not(.pt-cv-nohover) .pt-cv-mask *   { color: #fff; }\n#pt-cv-view-cc4e760tzl .pt-cv-carousel-caption  { background-color: rgba(51,51,51,.6) !important; }\n#pt-cv-view-cc4e760tzl .pt-cv-specialp { background-color: #CC3333 !important }\n#pt-cv-view-cc4e760tzl .pt-cv-specialp * { color: #fff !important; }\n#pt-cv-view-cc4e760tzl .pt-cv-pficon  { color: #bbb !important; }\n#pt-cv-view-cc4e760tzl  .add_to_cart_button, #pt-cv-view-cc4e760tzl  .add_to_cart_button *   { color: #ffffff !important; background-color: #00aeef !important; }\n#pt-cv-view-cc4e760tzl  .woocommerce-onsale   { color: #ffffff !important; background-color: #ff5a5f !important; }\n#pt-cv-view-cc4e760tzl .pt-cv-readmore  { color: #ffffff !important; background-color: #00aeef !important; }\n#pt-cv-view-cc4e760tzl .pt-cv-readmore:hover  { color: #ffffff !important; background-color: #00aeef !important; }\n#pt-cv-view-cc4e760tzl  + .pt-cv-pagination-wrapper .pt-cv-more , #pt-cv-view-cc4e760tzl  + .pt-cv-pagination-wrapper .pagination .active a { color: #ffffff !important; background-color: #00aeef !important; }\n[id^='pt-cv-filter-bar-cc4e760tzl'] .active.pt-cv-filter-option, [id^='pt-cv-filter-bar-cc4e760tzl'] .active .pt-cv-filter-option, [id^='pt-cv-filter-bar-cc4e760tzl'] .selected.pt-cv-filter-option, [id^='pt-cv-filter-bar-cc4e760tzl'] .dropdown-toggle   { color: #fff !important; background-color: #00aeef !important; }\n[id^='pt-cv-filter-bar-cc4e760tzl'] .pt-cv-filter-title   { color: #fff !important; background-color: #00aeef !important; }\n#pt-cv-gls-cc4e760tzl li a.pt-active   { color: #fff !important; background-color: #ff5a5f !important; }\n#pt-cv-view-cc4e760tzl .pt-cv-gls-header  { color: #fff !important; background-color: #00aeef !important; }\n#pt-cv-view-cc4e760tzl .cvp-responsive-image[style*=\"background-image\"] { width: 300px; height: 300px; }<\/style>\r\n\t\t\t<\/p>\t\t\t\t\t\t\t\t<\/div>\n\t\t\t\t<\/div>\n\t\t\t\t\t<\/div>\n\t\t<\/div>\n\t\t\t\t\t<\/div>\n\t\t<\/section>\n\t\t\t\t<section class=\"elementor-section elementor-top-section elementor-element elementor-element-7944766 elementor-section-boxed elementor-section-height-default elementor-section-height-default\" data-id=\"7944766\" data-element_type=\"section\" data-e-type=\"section\">\n\t\t\t\t\t\t<div class=\"elementor-container elementor-column-gap-default\">\n\t\t\t\t\t<div class=\"elementor-column elementor-col-100 elementor-top-column elementor-element elementor-element-58987eb\" data-id=\"58987eb\" data-element_type=\"column\" data-e-type=\"column\">\n\t\t\t<div class=\"elementor-widget-wrap elementor-element-populated\">\n\t\t\t\t\t\t<div class=\"elementor-element elementor-element-7de5579 elementor-widget elementor-widget-heading\" data-id=\"7de5579\" data-element_type=\"widget\" data-e-type=\"widget\" data-widget_type=\"heading.default\">\n\t\t\t\t<div class=\"elementor-widget-container\">\n\t\t\t\t\t<h2 class=\"elementor-heading-title elementor-size-default\">Visita Madrid in tre giorni<\/h2>\t\t\t\t<\/div>\n\t\t\t\t<\/div>\n\t\t\t\t<div class=\"elementor-element elementor-element-29c4a81 elementor-widget elementor-widget-text-editor\" data-id=\"29c4a81\" data-element_type=\"widget\" data-e-type=\"widget\" data-widget_type=\"text-editor.default\">\n\t\t\t\t<div class=\"elementor-widget-container\">\n\t\t\t\t\t\t\t\t\t<p>Vuoi sapere cosa vedere a Madrid durante le tue prossime vacanze? Se hai intenzione di visitare Madrid, ti mostriamo cosa vedere a Madrid in uno, due e tre giorni. Successivamente, condividiamo con te le sue principali attrazioni turistiche:<\/p>\t\t\t\t\t\t\t\t<\/div>\n\t\t\t\t<\/div>\n\t\t\t\t\t<\/div>\n\t\t<\/div>\n\t\t\t\t\t<\/div>\n\t\t<\/section>\n\t\t\t\t<section class=\"elementor-section elementor-top-section elementor-element elementor-element-71d3f98 elementor-section-boxed elementor-section-height-default elementor-section-height-default\" data-id=\"71d3f98\" data-element_type=\"section\" data-e-type=\"section\">\n\t\t\t\t\t\t<div class=\"elementor-container elementor-column-gap-default\">\n\t\t\t\t\t<div class=\"elementor-column elementor-col-100 elementor-top-column elementor-element elementor-element-ad3162b\" data-id=\"ad3162b\" data-element_type=\"column\" data-e-type=\"column\">\n\t\t\t<div class=\"elementor-widget-wrap elementor-element-populated\">\n\t\t\t\t\t\t<div class=\"elementor-element elementor-element-0c5ff3a elementor-widget elementor-widget-heading\" data-id=\"0c5ff3a\" data-element_type=\"widget\" data-e-type=\"widget\" data-widget_type=\"heading.default\">\n\t\t\t\t<div class=\"elementor-widget-container\">\n\t\t\t\t\t<h2 class=\"elementor-heading-title elementor-size-default\">Museo del Prado<\/h2>\t\t\t\t<\/div>\n\t\t\t\t<\/div>\n\t\t\t\t\t<\/div>\n\t\t<\/div>\n\t\t\t\t\t<\/div>\n\t\t<\/section>\n\t\t\t\t<section class=\"elementor-section elementor-top-section elementor-element elementor-element-91a8bde elementor-section-boxed elementor-section-height-default elementor-section-height-default\" data-id=\"91a8bde\" data-element_type=\"section\" data-e-type=\"section\">\n\t\t\t\t\t\t<div class=\"elementor-container elementor-column-gap-default\">\n\t\t\t\t\t<div class=\"elementor-column elementor-col-100 elementor-top-column elementor-element elementor-element-c38074f\" data-id=\"c38074f\" data-element_type=\"column\" data-e-type=\"column\">\n\t\t\t<div class=\"elementor-widget-wrap elementor-element-populated\">\n\t\t\t\t\t\t<div class=\"elementor-element elementor-element-44dd665 elementor-widget elementor-widget-image\" data-id=\"44dd665\" data-element_type=\"widget\" data-e-type=\"widget\" data-widget_type=\"image.default\">\n\t\t\t\t<div class=\"elementor-widget-container\">\n\t\t\t\t\t\t\t\t\t\t\t\t\t\t\t<img loading=\"lazy\" decoding=\"async\" width=\"1024\" height=\"682\" src=\"https:\/\/naturanda.com\/wp-content\/uploads\/2021\/07\/que-hacer-en-Madrid-en-un-dia-1024x682.jpg\" class=\"attachment-large size-large wp-image-14738\" alt=\"Cosa fare a Madrid in un giorno\" srcset=\"https:\/\/naturanda.com\/wp-content\/uploads\/2021\/07\/que-hacer-en-Madrid-en-un-dia-1024x682.jpg 1024w, https:\/\/naturanda.com\/wp-content\/uploads\/2021\/07\/que-hacer-en-Madrid-en-un-dia-300x200.jpg 300w, https:\/\/naturanda.com\/wp-content\/uploads\/2021\/07\/que-hacer-en-Madrid-en-un-dia-150x100.jpg 150w, https:\/\/naturanda.com\/wp-content\/uploads\/2021\/07\/que-hacer-en-Madrid-en-un-dia-768x512.jpg 768w, https:\/\/naturanda.com\/wp-content\/uploads\/2021\/07\/que-hacer-en-Madrid-en-un-dia.jpg 1280w\" sizes=\"(max-width: 1024px) 100vw, 1024px\" \/>\t\t\t\t\t\t\t\t\t\t\t\t\t\t\t<\/div>\n\t\t\t\t<\/div>\n\t\t\t\t<div class=\"elementor-element elementor-element-a93b51f elementor-widget elementor-widget-text-editor\" data-id=\"a93b51f\" data-element_type=\"widget\" data-e-type=\"widget\" data-widget_type=\"text-editor.default\">\n\t\t\t\t<div class=\"elementor-widget-container\">\n\t\t\t\t\t\t\t\t\t<p>Il <strong><a href=\"https:\/\/naturanda.com\/it\/museo-del-prado-di-madrid\/\">Museo del Prado \u00e8<\/a><\/strong> stato inaugurato nel 1819. Durante quel periodo, ha accumulato una collezione senza rivali di dipinti, sculture, stampe, disegni e arti e mestieri che costituiscono la storia dell&#8217;arte spagnola e costituiscono una delle migliori collezioni europee al mondo. \u00c8 uno dei pi\u00f9 grandi musei del mondo.<\/p><p>Il Museo del Prado \u00e8 ospitato nel classico edificio Villanueva del XVIII secolo sul Paseo del Prado, con i monumenti ai pittori spagnoli Diego Vel\u00e1zquez e Francisco Goya ai suoi ingressi.<\/p><p>Il Museo del Prado \u00e8 l&#8217;ex Museo Reale, basato sull&#8217;ex Collezione Reale Spagnola. Fu trasformato nel Museo Nazionale di Pittura e Scultura e successivamente nel Museo Nacional del Prado (Museo del Prado). La collezione \u00e8 composta da circa 7.600 dipinti, 1.000 sculture, 4.800 stampe e 8.200 disegni e comprende un&#8217;ampia raccolta di documenti storici.<\/p><p>Ci sono opere di artisti come Bartolom\u00e9 Bermejo, Pedro Berruguete, S\u00e1nchez Coello, El Greco, Ribera, Zurbar\u00e1n, Murillo, Alonso Cano, Vel\u00e1zquez e Goya.<\/p><p>Il Museo del Prado fa rivivere il &#8220;Triangolo d&#8217;Oro&#8221;, insieme al Museo Reina Sof\u00eda (casa &#8220;Guernica&#8221; di Picasso) e al Museo Thyssen-Bornemisza.<\/p>\t\t\t\t\t\t\t\t<\/div>\n\t\t\t\t<\/div>\n\t\t\t\t\t<\/div>\n\t\t<\/div>\n\t\t\t\t\t<\/div>\n\t\t<\/section>\n\t\t\t\t<section class=\"elementor-section elementor-top-section elementor-element elementor-element-03a47fb elementor-section-boxed elementor-section-height-default elementor-section-height-default\" data-id=\"03a47fb\" data-element_type=\"section\" data-e-type=\"section\">\n\t\t\t\t\t\t<div class=\"elementor-container elementor-column-gap-default\">\n\t\t\t\t\t<div class=\"elementor-column elementor-col-100 elementor-top-column elementor-element elementor-element-def0d21\" data-id=\"def0d21\" data-element_type=\"column\" data-e-type=\"column\">\n\t\t\t<div class=\"elementor-widget-wrap elementor-element-populated\">\n\t\t\t\t\t\t<div class=\"elementor-element elementor-element-15f2859 elementor-widget elementor-widget-heading\" data-id=\"15f2859\" data-element_type=\"widget\" data-e-type=\"widget\" data-widget_type=\"heading.default\">\n\t\t\t\t<div class=\"elementor-widget-container\">\n\t\t\t\t\t<h2 class=\"elementor-heading-title elementor-size-default\">Il palazzo reale di Madrid<\/h2>\t\t\t\t<\/div>\n\t\t\t\t<\/div>\n\t\t\t\t\t<\/div>\n\t\t<\/div>\n\t\t\t\t\t<\/div>\n\t\t<\/section>\n\t\t\t\t<section class=\"elementor-section elementor-top-section elementor-element elementor-element-1264d1b elementor-section-boxed elementor-section-height-default elementor-section-height-default\" data-id=\"1264d1b\" data-element_type=\"section\" data-e-type=\"section\">\n\t\t\t\t\t\t<div class=\"elementor-container elementor-column-gap-default\">\n\t\t\t\t\t<div class=\"elementor-column elementor-col-100 elementor-top-column elementor-element elementor-element-e62293c\" data-id=\"e62293c\" data-element_type=\"column\" data-e-type=\"column\">\n\t\t\t<div class=\"elementor-widget-wrap elementor-element-populated\">\n\t\t\t\t\t\t<div class=\"elementor-element elementor-element-55e0d74 elementor-widget elementor-widget-image\" data-id=\"55e0d74\" data-element_type=\"widget\" data-e-type=\"widget\" data-widget_type=\"image.default\">\n\t\t\t\t<div class=\"elementor-widget-container\">\n\t\t\t\t\t\t\t\t\t\t\t\t\t\t\t<img loading=\"lazy\" decoding=\"async\" width=\"1024\" height=\"682\" src=\"https:\/\/naturanda.com\/wp-content\/uploads\/2021\/07\/visitar-Madrid-en-un-dia-1024x682.jpg\" class=\"attachment-large size-large wp-image-14742\" alt=\"Visita Madrid in un giorno\" srcset=\"https:\/\/naturanda.com\/wp-content\/uploads\/2021\/07\/visitar-Madrid-en-un-dia-1024x682.jpg 1024w, https:\/\/naturanda.com\/wp-content\/uploads\/2021\/07\/visitar-Madrid-en-un-dia-300x200.jpg 300w, https:\/\/naturanda.com\/wp-content\/uploads\/2021\/07\/visitar-Madrid-en-un-dia-150x100.jpg 150w, https:\/\/naturanda.com\/wp-content\/uploads\/2021\/07\/visitar-Madrid-en-un-dia-768x512.jpg 768w, https:\/\/naturanda.com\/wp-content\/uploads\/2021\/07\/visitar-Madrid-en-un-dia.jpg 1280w\" sizes=\"(max-width: 1024px) 100vw, 1024px\" \/>\t\t\t\t\t\t\t\t\t\t\t\t\t\t\t<\/div>\n\t\t\t\t<\/div>\n\t\t\t\t\t<\/div>\n\t\t<\/div>\n\t\t\t\t\t<\/div>\n\t\t<\/section>\n\t\t\t\t<section class=\"elementor-section elementor-top-section elementor-element elementor-element-7417318 elementor-section-boxed elementor-section-height-default elementor-section-height-default\" data-id=\"7417318\" data-element_type=\"section\" data-e-type=\"section\">\n\t\t\t\t\t\t<div class=\"elementor-container elementor-column-gap-default\">\n\t\t\t\t\t<div class=\"elementor-column elementor-col-100 elementor-top-column elementor-element elementor-element-86e8d94\" data-id=\"86e8d94\" data-element_type=\"column\" data-e-type=\"column\">\n\t\t\t<div class=\"elementor-widget-wrap elementor-element-populated\">\n\t\t\t\t\t\t<div class=\"elementor-element elementor-element-9adf2ed elementor-widget elementor-widget-text-editor\" data-id=\"9adf2ed\" data-element_type=\"widget\" data-e-type=\"widget\" data-widget_type=\"text-editor.default\">\n\t\t\t\t<div class=\"elementor-widget-container\">\n\t\t\t\t\t\t\t\t\t<p>Il <strong><a href=\"https:\/\/naturanda.com\/it\/visita-del-palazzo-reale-di-madrid\/\">Palazzo Reale di Madrid<\/a><\/strong> (noto anche come Palacio de Oriente) fu costruito nel XVIII secolo da Felipe V Borb\u00f3n in stile barocco, opera dell&#8217;architetto italiano Filippo Juvara. Gli interni del palazzo e dei suoi dintorni rappresentano gli stili rococ\u00f2 e classicista. Inoltre, il Palazzo Reale di Madrid \u00e8 una delle residenze ufficiali del Re di Spagna.<\/p><p>Il Palacio de Oriente dispone di 2.800 camere, solo alcune delle quali sono aperte ai turisti. Il Palazzo Reale di Madrid merita una visita per le opere inestimabili di Rubens e Vel\u00e1zquez, nonch\u00e9 per i mobili, le porcellane, gli strumenti unici o la prima edizione del Don Chisciotte. Le sale reali delizieranno tutti gli intenditori d&#8217;arte. I visitatori possono vedere l&#8217;armeria reale o la biblioteca. Il primo mercoled\u00ec del mese dalle 12:00 alle 13:00 \u00e8 possibile assistere alla cerimonia del cambio della guardia.<\/p><p>Ci sono anche giardini nei locali del Palazzo Reale. Sul lato nord i Giardini Sabatini, sul lato ovest i Giardini di Campo del Moro.<\/p><p>Il prezzo dei biglietti per il Palazzo Reale di Madrid \u00e8 di 10 euro per il biglietto normale. Gli orari di apertura del Palazzo Reale di Madrid dipendono dalla stagione, nella stagione invernale dal 10 al 18 marzo e nella stagione estiva dal 10 al 20 settembre.<\/p>\t\t\t\t\t\t\t\t<\/div>\n\t\t\t\t<\/div>\n\t\t\t\t\t<\/div>\n\t\t<\/div>\n\t\t\t\t\t<\/div>\n\t\t<\/section>\n\t\t\t\t<section class=\"elementor-section elementor-top-section elementor-element elementor-element-53eee49 elementor-section-boxed elementor-section-height-default elementor-section-height-default\" data-id=\"53eee49\" data-element_type=\"section\" data-e-type=\"section\">\n\t\t\t\t\t\t<div class=\"elementor-container elementor-column-gap-default\">\n\t\t\t\t\t<div class=\"elementor-column elementor-col-100 elementor-top-column elementor-element elementor-element-a34620d\" data-id=\"a34620d\" data-element_type=\"column\" data-e-type=\"column\">\n\t\t\t<div class=\"elementor-widget-wrap elementor-element-populated\">\n\t\t\t\t\t\t<div class=\"elementor-element elementor-element-8982e6f elementor-widget elementor-widget-heading\" data-id=\"8982e6f\" data-element_type=\"widget\" data-e-type=\"widget\" data-widget_type=\"heading.default\">\n\t\t\t\t<div class=\"elementor-widget-container\">\n\t\t\t\t\t<h2 class=\"elementor-heading-title elementor-size-default\">Parco per la pensione<\/h2>\t\t\t\t<\/div>\n\t\t\t\t<\/div>\n\t\t\t\t\t<\/div>\n\t\t<\/div>\n\t\t\t\t\t<\/div>\n\t\t<\/section>\n\t\t\t\t<section class=\"elementor-section elementor-top-section elementor-element elementor-element-49b7c2c elementor-section-boxed elementor-section-height-default elementor-section-height-default\" data-id=\"49b7c2c\" data-element_type=\"section\" data-e-type=\"section\">\n\t\t\t\t\t\t<div class=\"elementor-container elementor-column-gap-default\">\n\t\t\t\t\t<div class=\"elementor-column elementor-col-100 elementor-top-column elementor-element elementor-element-cf23f81\" data-id=\"cf23f81\" data-element_type=\"column\" data-e-type=\"column\">\n\t\t\t<div class=\"elementor-widget-wrap elementor-element-populated\">\n\t\t\t\t\t\t<div class=\"elementor-element elementor-element-3105c36 elementor-widget elementor-widget-image\" data-id=\"3105c36\" data-element_type=\"widget\" data-e-type=\"widget\" data-widget_type=\"image.default\">\n\t\t\t\t<div class=\"elementor-widget-container\">\n\t\t\t\t\t\t\t\t\t\t\t\t\t\t\t<img loading=\"lazy\" decoding=\"async\" width=\"1024\" height=\"767\" src=\"https:\/\/naturanda.com\/wp-content\/uploads\/2021\/07\/que-ver-en-Madrid-1024x767.jpg\" class=\"attachment-large size-large wp-image-14698\" alt=\"Cosa vedere a Madrid\" srcset=\"https:\/\/naturanda.com\/wp-content\/uploads\/2021\/07\/que-ver-en-Madrid-1024x767.jpg 1024w, https:\/\/naturanda.com\/wp-content\/uploads\/2021\/07\/que-ver-en-Madrid-300x225.jpg 300w, https:\/\/naturanda.com\/wp-content\/uploads\/2021\/07\/que-ver-en-Madrid-150x112.jpg 150w, https:\/\/naturanda.com\/wp-content\/uploads\/2021\/07\/que-ver-en-Madrid-768x575.jpg 768w, https:\/\/naturanda.com\/wp-content\/uploads\/2021\/07\/que-ver-en-Madrid.jpg 1280w\" sizes=\"(max-width: 1024px) 100vw, 1024px\" \/>\t\t\t\t\t\t\t\t\t\t\t\t\t\t\t<\/div>\n\t\t\t\t<\/div>\n\t\t\t\t\t<\/div>\n\t\t<\/div>\n\t\t\t\t\t<\/div>\n\t\t<\/section>\n\t\t\t\t<section class=\"elementor-section elementor-top-section elementor-element elementor-element-446da17 elementor-section-boxed elementor-section-height-default elementor-section-height-default\" data-id=\"446da17\" data-element_type=\"section\" data-e-type=\"section\">\n\t\t\t\t\t\t<div class=\"elementor-container elementor-column-gap-default\">\n\t\t\t\t\t<div class=\"elementor-column elementor-col-100 elementor-top-column elementor-element elementor-element-07629ce\" data-id=\"07629ce\" data-element_type=\"column\" data-e-type=\"column\">\n\t\t\t<div class=\"elementor-widget-wrap elementor-element-populated\">\n\t\t\t\t\t\t<div class=\"elementor-element elementor-element-fc8fab7 elementor-widget elementor-widget-text-editor\" data-id=\"fc8fab7\" data-element_type=\"widget\" data-e-type=\"widget\" data-widget_type=\"text-editor.default\">\n\t\t\t\t<div class=\"elementor-widget-container\">\n\t\t\t\t\t\t\t\t\t<p>Il <a href=\"https:\/\/naturanda.com\/it\/visita-al-parco-del-buen-retiro-di-madrid\/\"><strong>Parco del Retiro<\/strong><\/a> si trova nella parte orientale di Madrid e ha una superficie di 120 ettari. Vale la pena dare un&#8217;occhiata dopo aver visitato il vicino Museo del Prado. Nelle vicinanze del Parco del Retiro si trovano anche il Museo Reina Sofia e l&#8217;Accademia Reale di Belle Arti di San Fernando.<\/p><p>Il parco ha un colonnato semicircolare con una statua di Alfonso XII, sopra uno stagno rettangolare.<\/p><p>Il parco era un tempo un giardino reale ed \u00e8 stato messo a disposizione dei madrileni attraverso e con il permesso di Carlo III.<\/p><p>Troviamo inoltre un grande laghetto al centro del parco e informazioni turistiche nella storica Casa del Pescador.<\/p><p>Nel parco si pu\u00f2 ammirare un giardino di rose, magnolie e azalee. Qui crescono 18.000 alberi e 7.000 arbusti, come: pioppi, castagni o sequoie giganti, pini d&#8217;Aleppo e perle giapponesi. L&#8217;esemplare pi\u00f9 pregiato \u00e8 il cipresso messicano, comunemente noto come Moctezuma Tree, piantato nel 1633 ed \u00e8 considerato l&#8217;albero pi\u00f9 antico di Madrid.<\/p><p>Come si addice a un parco reale, abbondano fontane storiche, la maggior parte del XIX secolo, come la Fontana delle Galapagos, decorata con tartarughe, delfini e rane, o la Fontana del carciofo.<\/p>\t\t\t\t\t\t\t\t<\/div>\n\t\t\t\t<\/div>\n\t\t\t\t\t<\/div>\n\t\t<\/div>\n\t\t\t\t\t<\/div>\n\t\t<\/section>\n\t\t\t\t<section class=\"elementor-section elementor-top-section elementor-element elementor-element-aeb118a elementor-section-boxed elementor-section-height-default elementor-section-height-default\" data-id=\"aeb118a\" data-element_type=\"section\" data-e-type=\"section\">\n\t\t\t\t\t\t<div class=\"elementor-container elementor-column-gap-default\">\n\t\t\t\t\t<div class=\"elementor-column elementor-col-100 elementor-top-column elementor-element elementor-element-4bd9643\" data-id=\"4bd9643\" data-element_type=\"column\" data-e-type=\"column\">\n\t\t\t<div class=\"elementor-widget-wrap elementor-element-populated\">\n\t\t\t\t\t\t<div class=\"elementor-element elementor-element-5c0ac17 elementor-widget elementor-widget-heading\" data-id=\"5c0ac17\" data-element_type=\"widget\" data-e-type=\"widget\" data-widget_type=\"heading.default\">\n\t\t\t\t<div class=\"elementor-widget-container\">\n\t\t\t\t\t<h2 class=\"elementor-heading-title elementor-size-default\">Porta del Sole<\/h2>\t\t\t\t<\/div>\n\t\t\t\t<\/div>\n\t\t\t\t\t<\/div>\n\t\t<\/div>\n\t\t\t\t\t<\/div>\n\t\t<\/section>\n\t\t\t\t<section class=\"elementor-section elementor-top-section elementor-element elementor-element-6b0be8f elementor-section-boxed elementor-section-height-default elementor-section-height-default\" data-id=\"6b0be8f\" data-element_type=\"section\" data-e-type=\"section\">\n\t\t\t\t\t\t<div class=\"elementor-container elementor-column-gap-default\">\n\t\t\t\t\t<div class=\"elementor-column elementor-col-100 elementor-top-column elementor-element elementor-element-1047024\" data-id=\"1047024\" data-element_type=\"column\" data-e-type=\"column\">\n\t\t\t<div class=\"elementor-widget-wrap elementor-element-populated\">\n\t\t\t\t\t\t<div class=\"elementor-element elementor-element-7135441 elementor-widget elementor-widget-image\" data-id=\"7135441\" data-element_type=\"widget\" data-e-type=\"widget\" data-widget_type=\"image.default\">\n\t\t\t\t<div class=\"elementor-widget-container\">\n\t\t\t\t\t\t\t\t\t\t\t\t\t\t\t<img loading=\"lazy\" decoding=\"async\" width=\"1024\" height=\"680\" src=\"https:\/\/naturanda.com\/wp-content\/uploads\/2021\/07\/que-ver-en-Madrid-un-fin-de-semana-1024x680.jpg\" class=\"attachment-large size-large wp-image-14702\" alt=\"Cosa vedere a Madrid in un fine settimana\" srcset=\"https:\/\/naturanda.com\/wp-content\/uploads\/2021\/07\/que-ver-en-Madrid-un-fin-de-semana-1024x680.jpg 1024w, https:\/\/naturanda.com\/wp-content\/uploads\/2021\/07\/que-ver-en-Madrid-un-fin-de-semana-300x199.jpg 300w, https:\/\/naturanda.com\/wp-content\/uploads\/2021\/07\/que-ver-en-Madrid-un-fin-de-semana-150x100.jpg 150w, https:\/\/naturanda.com\/wp-content\/uploads\/2021\/07\/que-ver-en-Madrid-un-fin-de-semana-768x510.jpg 768w, https:\/\/naturanda.com\/wp-content\/uploads\/2021\/07\/que-ver-en-Madrid-un-fin-de-semana.jpg 1280w\" sizes=\"(max-width: 1024px) 100vw, 1024px\" \/>\t\t\t\t\t\t\t\t\t\t\t\t\t\t\t<\/div>\n\t\t\t\t<\/div>\n\t\t\t\t\t<\/div>\n\t\t<\/div>\n\t\t\t\t\t<\/div>\n\t\t<\/section>\n\t\t\t\t<section class=\"elementor-section elementor-top-section elementor-element elementor-element-119f42e elementor-section-boxed elementor-section-height-default elementor-section-height-default\" data-id=\"119f42e\" data-element_type=\"section\" data-e-type=\"section\">\n\t\t\t\t\t\t<div class=\"elementor-container elementor-column-gap-default\">\n\t\t\t\t\t<div class=\"elementor-column elementor-col-100 elementor-top-column elementor-element elementor-element-199790f\" data-id=\"199790f\" data-element_type=\"column\" data-e-type=\"column\">\n\t\t\t<div class=\"elementor-widget-wrap elementor-element-populated\">\n\t\t\t\t\t\t<div class=\"elementor-element elementor-element-1e7f722 elementor-widget elementor-widget-text-editor\" data-id=\"1e7f722\" data-element_type=\"widget\" data-e-type=\"widget\" data-widget_type=\"text-editor.default\">\n\t\t\t\t<div class=\"elementor-widget-container\">\n\t\t\t\t\t\t\t\t\t<p>Questa \u00e8 una delle piazze principali di Madrid. Riconosciuto come il centro della capitale stessa, ma anche di tutta la Spagna! La piazza ospita la famosa statua di un orso che si arrampica su un corbezzolo, considerato un simbolo di Madrid. La seconda statua famosa \u00e8 la statua di Carlo III a cavallo, il Principe di Parma e il Re di Napoli.<\/p><p>Vedremo anche l&#8217;edificio del Real Correos (ufficio postale), che attualmente \u00e8 nelle mani del Ministero dell&#8217;Interno. Qui si tengono le riunioni del Consiglio della Provincia Autonoma di Madrid e varie manifestazioni.<\/p><p>Come si conviene alla piazza principale della citt\u00e0, Madrid deve avere un orologio. L&#8217;orologio Puerta del Sol \u00e8 stato creato dall&#8217;orologiaio reale Jos\u00e9 Rodrigez Losad. Fu aperto nel 1866 dalla regina Elisabetta II.<\/p><p>Inoltre, a Puerta del Sol a Madrid, c&#8217;\u00e8 un punto &#8220;zero&#8221;, o &#8220;chilometro zero&#8221;, che determina la lunghezza della strada verso altre destinazioni spagnole, come Valencia, Andalusia o Catalogna.<\/p><p>Puoi raggiungere Plaza de la Puerta del Sol in metropolitana, poich\u00e9 \u00e8 qui che \u00e8 stata aperta la prima linea della metropolitana nel 1919.<\/p>\t\t\t\t\t\t\t\t<\/div>\n\t\t\t\t<\/div>\n\t\t\t\t\t<\/div>\n\t\t<\/div>\n\t\t\t\t\t<\/div>\n\t\t<\/section>\n\t\t\t\t<section class=\"elementor-section elementor-top-section elementor-element elementor-element-2945465 elementor-section-boxed elementor-section-height-default elementor-section-height-default\" data-id=\"2945465\" data-element_type=\"section\" data-e-type=\"section\">\n\t\t\t\t\t\t<div class=\"elementor-container elementor-column-gap-default\">\n\t\t\t\t\t<div class=\"elementor-column elementor-col-100 elementor-top-column elementor-element elementor-element-d9723dd\" data-id=\"d9723dd\" data-element_type=\"column\" data-e-type=\"column\">\n\t\t\t<div class=\"elementor-widget-wrap elementor-element-populated\">\n\t\t\t\t\t\t<div class=\"elementor-element elementor-element-dc121a5 elementor-widget elementor-widget-heading\" data-id=\"dc121a5\" data-element_type=\"widget\" data-e-type=\"widget\" data-widget_type=\"heading.default\">\n\t\t\t\t<div class=\"elementor-widget-container\">\n\t\t\t\t\t<h2 class=\"elementor-heading-title elementor-size-default\">Piazza principale<\/h2>\t\t\t\t<\/div>\n\t\t\t\t<\/div>\n\t\t\t\t\t<\/div>\n\t\t<\/div>\n\t\t\t\t\t<\/div>\n\t\t<\/section>\n\t\t\t\t<section class=\"elementor-section elementor-top-section elementor-element elementor-element-bf9fed7 elementor-section-boxed elementor-section-height-default elementor-section-height-default\" data-id=\"bf9fed7\" data-element_type=\"section\" data-e-type=\"section\">\n\t\t\t\t\t\t<div class=\"elementor-container elementor-column-gap-default\">\n\t\t\t\t\t<div class=\"elementor-column elementor-col-100 elementor-top-column elementor-element elementor-element-819a1bc\" data-id=\"819a1bc\" data-element_type=\"column\" data-e-type=\"column\">\n\t\t\t<div class=\"elementor-widget-wrap elementor-element-populated\">\n\t\t\t\t\t\t<div class=\"elementor-element elementor-element-98fc1b4 elementor-widget elementor-widget-image\" data-id=\"98fc1b4\" data-element_type=\"widget\" data-e-type=\"widget\" data-widget_type=\"image.default\">\n\t\t\t\t<div class=\"elementor-widget-container\">\n\t\t\t\t\t\t\t\t\t\t\t\t\t\t\t<img loading=\"lazy\" decoding=\"async\" width=\"1024\" height=\"768\" src=\"https:\/\/naturanda.com\/wp-content\/uploads\/2021\/07\/ver-Madrid-1-dia-1024x768.jpg\" class=\"attachment-large size-large wp-image-14746\" alt=\"Vedi Madrid 1 giorno\" srcset=\"https:\/\/naturanda.com\/wp-content\/uploads\/2021\/07\/ver-Madrid-1-dia-1024x768.jpg 1024w, https:\/\/naturanda.com\/wp-content\/uploads\/2021\/07\/ver-Madrid-1-dia-300x225.jpg 300w, https:\/\/naturanda.com\/wp-content\/uploads\/2021\/07\/ver-Madrid-1-dia-150x113.jpg 150w, https:\/\/naturanda.com\/wp-content\/uploads\/2021\/07\/ver-Madrid-1-dia-768x576.jpg 768w, https:\/\/naturanda.com\/wp-content\/uploads\/2021\/07\/ver-Madrid-1-dia.jpg 1280w\" sizes=\"(max-width: 1024px) 100vw, 1024px\" \/>\t\t\t\t\t\t\t\t\t\t\t\t\t\t\t<\/div>\n\t\t\t\t<\/div>\n\t\t\t\t\t<\/div>\n\t\t<\/div>\n\t\t\t\t\t<\/div>\n\t\t<\/section>\n\t\t\t\t<section class=\"elementor-section elementor-top-section elementor-element elementor-element-d076e79 elementor-section-boxed elementor-section-height-default elementor-section-height-default\" data-id=\"d076e79\" data-element_type=\"section\" data-e-type=\"section\">\n\t\t\t\t\t\t<div class=\"elementor-container elementor-column-gap-default\">\n\t\t\t\t\t<div class=\"elementor-column elementor-col-100 elementor-top-column elementor-element elementor-element-1ab836a\" data-id=\"1ab836a\" data-element_type=\"column\" data-e-type=\"column\">\n\t\t\t<div class=\"elementor-widget-wrap elementor-element-populated\">\n\t\t\t\t\t\t<div class=\"elementor-element elementor-element-bf5422e elementor-widget elementor-widget-text-editor\" data-id=\"bf5422e\" data-element_type=\"widget\" data-e-type=\"widget\" data-widget_type=\"text-editor.default\">\n\t\t\t\t<div class=\"elementor-widget-container\">\n\t\t\t\t\t\t\t\t\t<p>La Plaza Mayor di Madrid \u00e8 un&#8217;altra famosa piazza della capitale spagnola. \u00c8 caratterizzato da una pianta rettangolare di circa 120 x 90 metri, e da edifici a tre piani con 237 balconi situati all&#8217;interno della piazza. Ci sono caff\u00e8 e ristoranti suggestivi negli edifici e ogni domenica c&#8217;\u00e8 un mercato da collezione per gli appassionati di francobolli vintage, cartoline, monete e riviste.<\/p><p>Nel medioevo era una piazza del mercato alla periferia della citt\u00e0. Acquist\u00f2 importanza dopo che Filippo II si trasfer\u00ec dalla capitale a Madrid, quando divenne luogo di celebrazioni e incontri pubblici.<\/p><p>La Plaza Mayor ha visto nella sua storia esecuzioni pubbliche, recinti, incoronazioni di re, spettacoli teatrali e numerosi incendi di case popolari situate nelle vicinanze.<\/p>\t\t\t\t\t\t\t\t<\/div>\n\t\t\t\t<\/div>\n\t\t\t\t\t<\/div>\n\t\t<\/div>\n\t\t\t\t\t<\/div>\n\t\t<\/section>\n\t\t\t\t<section class=\"elementor-section elementor-top-section elementor-element elementor-element-4ffb9fd elementor-section-boxed elementor-section-height-default elementor-section-height-default\" data-id=\"4ffb9fd\" data-element_type=\"section\" data-e-type=\"section\">\n\t\t\t\t\t\t<div class=\"elementor-container elementor-column-gap-default\">\n\t\t\t\t\t<div class=\"elementor-column elementor-col-100 elementor-top-column elementor-element elementor-element-2fb0e7b\" data-id=\"2fb0e7b\" data-element_type=\"column\" data-e-type=\"column\">\n\t\t\t<div class=\"elementor-widget-wrap elementor-element-populated\">\n\t\t\t\t\t\t<div class=\"elementor-element elementor-element-71613e2 elementor-widget elementor-widget-heading\" data-id=\"71613e2\" data-element_type=\"widget\" data-e-type=\"widget\" data-widget_type=\"heading.default\">\n\t\t\t\t<div class=\"elementor-widget-container\">\n\t\t\t\t\t<h2 class=\"elementor-heading-title elementor-size-default\">Gran Via<\/h2>\t\t\t\t<\/div>\n\t\t\t\t<\/div>\n\t\t\t\t\t<\/div>\n\t\t<\/div>\n\t\t\t\t\t<\/div>\n\t\t<\/section>\n\t\t\t\t<section class=\"elementor-section elementor-top-section elementor-element elementor-element-8038ffb elementor-section-boxed elementor-section-height-default elementor-section-height-default\" data-id=\"8038ffb\" data-element_type=\"section\" data-e-type=\"section\">\n\t\t\t\t\t\t<div class=\"elementor-container elementor-column-gap-default\">\n\t\t\t\t\t<div class=\"elementor-column elementor-col-100 elementor-top-column elementor-element elementor-element-702cdd0\" data-id=\"702cdd0\" data-element_type=\"column\" data-e-type=\"column\">\n\t\t\t<div class=\"elementor-widget-wrap elementor-element-populated\">\n\t\t\t\t\t\t<div class=\"elementor-element elementor-element-f530060 elementor-widget elementor-widget-image\" data-id=\"f530060\" data-element_type=\"widget\" data-e-type=\"widget\" data-widget_type=\"image.default\">\n\t\t\t\t<div class=\"elementor-widget-container\">\n\t\t\t\t\t\t\t\t\t\t\t\t\t\t\t<img loading=\"lazy\" decoding=\"async\" width=\"909\" height=\"1013\" src=\"https:\/\/naturanda.com\/wp-content\/uploads\/2021\/07\/visitar-Madrid.png\" class=\"attachment-full size-full wp-image-14706\" alt=\"Visita Madrid\" srcset=\"https:\/\/naturanda.com\/wp-content\/uploads\/2021\/07\/visitar-Madrid.png 909w, https:\/\/naturanda.com\/wp-content\/uploads\/2021\/07\/visitar-Madrid-269x300.png 269w, https:\/\/naturanda.com\/wp-content\/uploads\/2021\/07\/visitar-Madrid-135x150.png 135w, https:\/\/naturanda.com\/wp-content\/uploads\/2021\/07\/visitar-Madrid-768x856.png 768w\" sizes=\"(max-width: 909px) 100vw, 909px\" \/>\t\t\t\t\t\t\t\t\t\t\t\t\t\t\t<\/div>\n\t\t\t\t<\/div>\n\t\t\t\t\t<\/div>\n\t\t<\/div>\n\t\t\t\t\t<\/div>\n\t\t<\/section>\n\t\t\t\t<section class=\"elementor-section elementor-top-section elementor-element elementor-element-15488f2 elementor-section-boxed elementor-section-height-default elementor-section-height-default\" data-id=\"15488f2\" data-element_type=\"section\" data-e-type=\"section\">\n\t\t\t\t\t\t<div class=\"elementor-container elementor-column-gap-default\">\n\t\t\t\t\t<div class=\"elementor-column elementor-col-100 elementor-top-column elementor-element elementor-element-fe7ce63\" data-id=\"fe7ce63\" data-element_type=\"column\" data-e-type=\"column\">\n\t\t\t<div class=\"elementor-widget-wrap elementor-element-populated\">\n\t\t\t\t\t\t<div class=\"elementor-element elementor-element-2824a78 elementor-widget elementor-widget-text-editor\" data-id=\"2824a78\" data-element_type=\"widget\" data-e-type=\"widget\" data-widget_type=\"text-editor.default\">\n\t\t\t\t<div class=\"elementor-widget-container\">\n\t\t\t\t\t\t\t\t\t<p>La Gran V\u00eda di Madrid \u00e8 una delle strade principali e pi\u00f9 famose di tutta la Spagna. Si tratta di una vetrina e di vie rappresentative della capitale. La strada ha molti negozi, cinema, teatri, ristoranti e hotel. \u00c8 un popolare luogo di ritrovo, centro culturale e turistico della capitale.<\/p>\t\t\t\t\t\t\t\t<\/div>\n\t\t\t\t<\/div>\n\t\t\t\t\t<\/div>\n\t\t<\/div>\n\t\t\t\t\t<\/div>\n\t\t<\/section>\n\t\t\t\t<section class=\"elementor-section elementor-top-section elementor-element elementor-element-6eee7d7 elementor-section-boxed elementor-section-height-default elementor-section-height-default\" data-id=\"6eee7d7\" data-element_type=\"section\" data-e-type=\"section\">\n\t\t\t\t\t\t<div class=\"elementor-container elementor-column-gap-default\">\n\t\t\t\t\t<div class=\"elementor-column elementor-col-100 elementor-top-column elementor-element elementor-element-0d6df89\" data-id=\"0d6df89\" data-element_type=\"column\" data-e-type=\"column\">\n\t\t\t<div class=\"elementor-widget-wrap elementor-element-populated\">\n\t\t\t\t\t\t<div class=\"elementor-element elementor-element-151014e elementor-widget elementor-widget-heading\" data-id=\"151014e\" data-element_type=\"widget\" data-e-type=\"widget\" data-widget_type=\"heading.default\">\n\t\t\t\t<div class=\"elementor-widget-container\">\n\t\t\t\t\t<h2 class=\"elementor-heading-title elementor-size-default\">Piazza di Spagna Madrid<\/h2>\t\t\t\t<\/div>\n\t\t\t\t<\/div>\n\t\t\t\t\t<\/div>\n\t\t<\/div>\n\t\t\t\t\t<\/div>\n\t\t<\/section>\n\t\t\t\t<section class=\"elementor-section elementor-top-section elementor-element elementor-element-d10f1e3 elementor-section-boxed elementor-section-height-default elementor-section-height-default\" data-id=\"d10f1e3\" data-element_type=\"section\" data-e-type=\"section\">\n\t\t\t\t\t\t<div class=\"elementor-container elementor-column-gap-default\">\n\t\t\t\t\t<div class=\"elementor-column elementor-col-100 elementor-top-column elementor-element elementor-element-3043f03\" data-id=\"3043f03\" data-element_type=\"column\" data-e-type=\"column\">\n\t\t\t<div class=\"elementor-widget-wrap elementor-element-populated\">\n\t\t\t\t\t\t<div class=\"elementor-element elementor-element-4be0ff5 elementor-widget elementor-widget-image\" data-id=\"4be0ff5\" data-element_type=\"widget\" data-e-type=\"widget\" data-widget_type=\"image.default\">\n\t\t\t\t<div class=\"elementor-widget-container\">\n\t\t\t\t\t\t\t\t\t\t\t\t\t\t\t<img loading=\"lazy\" decoding=\"async\" width=\"1024\" height=\"682\" src=\"https:\/\/naturanda.com\/wp-content\/uploads\/2021\/07\/cosas-que-hacer-en-Madrid-en-verano-1024x682.jpg\" class=\"attachment-large size-large wp-image-14750\" alt=\"Cose da fare a Madrid in estate\" srcset=\"https:\/\/naturanda.com\/wp-content\/uploads\/2021\/07\/cosas-que-hacer-en-Madrid-en-verano-1024x682.jpg 1024w, https:\/\/naturanda.com\/wp-content\/uploads\/2021\/07\/cosas-que-hacer-en-Madrid-en-verano-300x200.jpg 300w, https:\/\/naturanda.com\/wp-content\/uploads\/2021\/07\/cosas-que-hacer-en-Madrid-en-verano-150x100.jpg 150w, https:\/\/naturanda.com\/wp-content\/uploads\/2021\/07\/cosas-que-hacer-en-Madrid-en-verano-768x512.jpg 768w, https:\/\/naturanda.com\/wp-content\/uploads\/2021\/07\/cosas-que-hacer-en-Madrid-en-verano.jpg 1280w\" sizes=\"(max-width: 1024px) 100vw, 1024px\" \/>\t\t\t\t\t\t\t\t\t\t\t\t\t\t\t<\/div>\n\t\t\t\t<\/div>\n\t\t\t\t\t<\/div>\n\t\t<\/div>\n\t\t\t\t\t<\/div>\n\t\t<\/section>\n\t\t\t\t<section class=\"elementor-section elementor-top-section elementor-element elementor-element-b012c79 elementor-section-boxed elementor-section-height-default elementor-section-height-default\" data-id=\"b012c79\" data-element_type=\"section\" data-e-type=\"section\">\n\t\t\t\t\t\t<div class=\"elementor-container elementor-column-gap-default\">\n\t\t\t\t\t<div class=\"elementor-column elementor-col-100 elementor-top-column elementor-element elementor-element-8a720ce\" data-id=\"8a720ce\" data-element_type=\"column\" data-e-type=\"column\">\n\t\t\t<div class=\"elementor-widget-wrap elementor-element-populated\">\n\t\t\t\t\t\t<div class=\"elementor-element elementor-element-762fb29 elementor-widget elementor-widget-text-editor\" data-id=\"762fb29\" data-element_type=\"widget\" data-e-type=\"widget\" data-widget_type=\"text-editor.default\">\n\t\t\t\t<div class=\"elementor-widget-container\">\n\t\t\t\t\t\t\t\t\t<p>La Plaza de Espa\u00f1a di Madrid \u00e8 una delle piazze pi\u00f9 rappresentative di Madrid. Si trova vicino al Palazzo Reale. In precedenza, fungeva da sito di una guarnigione militare. Alla fine del XIX e XX secolo la piazza acquis\u00ec un carattere civile e rappresentativo. Nella Plaza de Espa\u00f1a sono stati costruiti edifici governativi, sedi commerciali e case residenziali.<\/p><p>Gli edifici pi\u00f9 caratteristici sono il grattacielo di 26 piani, con una piscina su uno dei piani pi\u00f9 alti dell&#8217;Edificio de Espa\u00f1a del 1948, e la Torre de Madrid di 37 piani del 1957.<\/p><p>Nella piazza c&#8217;\u00e8 una statua di Miguel Cervantes, autore del Don Chisciotte, e nel Palazzo Reale si pu\u00f2 vedere la copia originale della prima edizione.<\/p>\t\t\t\t\t\t\t\t<\/div>\n\t\t\t\t<\/div>\n\t\t\t\t\t<\/div>\n\t\t<\/div>\n\t\t\t\t\t<\/div>\n\t\t<\/section>\n\t\t\t\t<section class=\"elementor-section elementor-top-section elementor-element elementor-element-6a17492 elementor-section-boxed elementor-section-height-default elementor-section-height-default\" data-id=\"6a17492\" data-element_type=\"section\" data-e-type=\"section\">\n\t\t\t\t\t\t<div class=\"elementor-container elementor-column-gap-default\">\n\t\t\t\t\t<div class=\"elementor-column elementor-col-100 elementor-top-column elementor-element elementor-element-c4249db\" data-id=\"c4249db\" data-element_type=\"column\" data-e-type=\"column\">\n\t\t\t<div class=\"elementor-widget-wrap elementor-element-populated\">\n\t\t\t\t\t\t<div class=\"elementor-element elementor-element-90f31c7 elementor-widget elementor-widget-heading\" data-id=\"90f31c7\" data-element_type=\"widget\" data-e-type=\"widget\" data-widget_type=\"heading.default\">\n\t\t\t\t<div class=\"elementor-widget-container\">\n\t\t\t\t\t<h2 class=\"elementor-heading-title elementor-size-default\">Cattedrale dell'Almudena<\/h2>\t\t\t\t<\/div>\n\t\t\t\t<\/div>\n\t\t\t\t\t<\/div>\n\t\t<\/div>\n\t\t\t\t\t<\/div>\n\t\t<\/section>\n\t\t\t\t<section class=\"elementor-section elementor-top-section elementor-element elementor-element-fdaedf5 elementor-section-boxed elementor-section-height-default elementor-section-height-default\" data-id=\"fdaedf5\" data-element_type=\"section\" data-e-type=\"section\">\n\t\t\t\t\t\t<div class=\"elementor-container elementor-column-gap-default\">\n\t\t\t\t\t<div class=\"elementor-column elementor-col-100 elementor-top-column elementor-element elementor-element-17f76af\" data-id=\"17f76af\" data-element_type=\"column\" data-e-type=\"column\">\n\t\t\t<div class=\"elementor-widget-wrap elementor-element-populated\">\n\t\t\t\t\t\t<div class=\"elementor-element elementor-element-189225e elementor-widget elementor-widget-image\" data-id=\"189225e\" data-element_type=\"widget\" data-e-type=\"widget\" data-widget_type=\"image.default\">\n\t\t\t\t<div class=\"elementor-widget-container\">\n\t\t\t\t\t\t\t\t\t\t\t\t\t\t\t<img loading=\"lazy\" decoding=\"async\" width=\"1024\" height=\"607\" src=\"https:\/\/naturanda.com\/wp-content\/uploads\/2021\/07\/visitar-Madrid-en-3-dias-1024x607.jpg\" class=\"attachment-large size-large wp-image-14710\" alt=\"Visita Madrid in 3 giorni\" srcset=\"https:\/\/naturanda.com\/wp-content\/uploads\/2021\/07\/visitar-Madrid-en-3-dias-1024x607.jpg 1024w, https:\/\/naturanda.com\/wp-content\/uploads\/2021\/07\/visitar-Madrid-en-3-dias-300x178.jpg 300w, https:\/\/naturanda.com\/wp-content\/uploads\/2021\/07\/visitar-Madrid-en-3-dias-150x89.jpg 150w, https:\/\/naturanda.com\/wp-content\/uploads\/2021\/07\/visitar-Madrid-en-3-dias-768x455.jpg 768w, https:\/\/naturanda.com\/wp-content\/uploads\/2021\/07\/visitar-Madrid-en-3-dias.jpg 1280w\" sizes=\"(max-width: 1024px) 100vw, 1024px\" \/>\t\t\t\t\t\t\t\t\t\t\t\t\t\t\t<\/div>\n\t\t\t\t<\/div>\n\t\t\t\t\t<\/div>\n\t\t<\/div>\n\t\t\t\t\t<\/div>\n\t\t<\/section>\n\t\t\t\t<section class=\"elementor-section elementor-top-section elementor-element elementor-element-9b15df2 elementor-section-boxed elementor-section-height-default elementor-section-height-default\" data-id=\"9b15df2\" data-element_type=\"section\" data-e-type=\"section\">\n\t\t\t\t\t\t<div class=\"elementor-container elementor-column-gap-default\">\n\t\t\t\t\t<div class=\"elementor-column elementor-col-100 elementor-top-column elementor-element elementor-element-9b39383\" data-id=\"9b39383\" data-element_type=\"column\" data-e-type=\"column\">\n\t\t\t<div class=\"elementor-widget-wrap elementor-element-populated\">\n\t\t\t\t\t\t<div class=\"elementor-element elementor-element-794d9ef elementor-widget elementor-widget-text-editor\" data-id=\"794d9ef\" data-element_type=\"widget\" data-e-type=\"widget\" data-widget_type=\"text-editor.default\">\n\t\t\t\t<div class=\"elementor-widget-container\">\n\t\t\t\t\t\t\t\t\t<p>La Cattedrale dell&#8217;Almudena o Catedral de Nuestra Se\u00f1ora de la Almudena \u00e8 la principale cattedrale cattolica romana di Madrid. La cattedrale \u00e8 un edificio relativamente giovane, risalente al XIX secolo, e la sua costruzione \u00e8 stata completata nel 1993.<\/p><p>Tenendo conto della vicinanza del Palazzo Reale, la cattedrale fu edificata in stile neoclassico, mentre l&#8217;interno in stile neogotico, la cripta in stile neoromanico.<\/p>\t\t\t\t\t\t\t\t<\/div>\n\t\t\t\t<\/div>\n\t\t\t\t\t<\/div>\n\t\t<\/div>\n\t\t\t\t\t<\/div>\n\t\t<\/section>\n\t\t\t\t<section class=\"elementor-section elementor-top-section elementor-element elementor-element-6f0f671 elementor-section-boxed elementor-section-height-default elementor-section-height-default\" data-id=\"6f0f671\" data-element_type=\"section\" data-e-type=\"section\">\n\t\t\t\t\t\t<div class=\"elementor-container elementor-column-gap-default\">\n\t\t\t\t\t<div class=\"elementor-column elementor-col-100 elementor-top-column elementor-element elementor-element-cc07e3b\" data-id=\"cc07e3b\" data-element_type=\"column\" data-e-type=\"column\">\n\t\t\t<div class=\"elementor-widget-wrap elementor-element-populated\">\n\t\t\t\t\t\t<div class=\"elementor-element elementor-element-fbb70eb elementor-widget elementor-widget-heading\" data-id=\"fbb70eb\" data-element_type=\"widget\" data-e-type=\"widget\" data-widget_type=\"heading.default\">\n\t\t\t\t<div class=\"elementor-widget-container\">\n\t\t\t\t\t<h2 class=\"elementor-heading-title elementor-size-default\">Tempio di Debod<\/h2>\t\t\t\t<\/div>\n\t\t\t\t<\/div>\n\t\t\t\t\t<\/div>\n\t\t<\/div>\n\t\t\t\t\t<\/div>\n\t\t<\/section>\n\t\t\t\t<section class=\"elementor-section elementor-top-section elementor-element elementor-element-a644252 elementor-section-boxed elementor-section-height-default elementor-section-height-default\" data-id=\"a644252\" data-element_type=\"section\" data-e-type=\"section\">\n\t\t\t\t\t\t<div class=\"elementor-container elementor-column-gap-default\">\n\t\t\t\t\t<div class=\"elementor-column elementor-col-100 elementor-top-column elementor-element elementor-element-ca49d92\" data-id=\"ca49d92\" data-element_type=\"column\" data-e-type=\"column\">\n\t\t\t<div class=\"elementor-widget-wrap elementor-element-populated\">\n\t\t\t\t\t\t<div class=\"elementor-element elementor-element-295cf08 elementor-widget elementor-widget-image\" data-id=\"295cf08\" data-element_type=\"widget\" data-e-type=\"widget\" data-widget_type=\"image.default\">\n\t\t\t\t<div class=\"elementor-widget-container\">\n\t\t\t\t\t\t\t\t\t\t\t\t\t\t\t<img loading=\"lazy\" decoding=\"async\" width=\"1024\" height=\"682\" src=\"https:\/\/naturanda.com\/wp-content\/uploads\/2021\/07\/que-hacer-en-Madrid-en-dos-dias-1024x682.jpg\" class=\"attachment-large size-large wp-image-14734\" alt=\"Cosa fare a Madrid in due giorni\" srcset=\"https:\/\/naturanda.com\/wp-content\/uploads\/2021\/07\/que-hacer-en-Madrid-en-dos-dias-1024x682.jpg 1024w, https:\/\/naturanda.com\/wp-content\/uploads\/2021\/07\/que-hacer-en-Madrid-en-dos-dias-300x200.jpg 300w, https:\/\/naturanda.com\/wp-content\/uploads\/2021\/07\/que-hacer-en-Madrid-en-dos-dias-150x100.jpg 150w, https:\/\/naturanda.com\/wp-content\/uploads\/2021\/07\/que-hacer-en-Madrid-en-dos-dias-768x512.jpg 768w, https:\/\/naturanda.com\/wp-content\/uploads\/2021\/07\/que-hacer-en-Madrid-en-dos-dias.jpg 1280w\" sizes=\"(max-width: 1024px) 100vw, 1024px\" \/>\t\t\t\t\t\t\t\t\t\t\t\t\t\t\t<\/div>\n\t\t\t\t<\/div>\n\t\t\t\t\t<\/div>\n\t\t<\/div>\n\t\t\t\t\t<\/div>\n\t\t<\/section>\n\t\t\t\t<section class=\"elementor-section elementor-top-section elementor-element elementor-element-3369e9a elementor-section-boxed elementor-section-height-default elementor-section-height-default\" data-id=\"3369e9a\" data-element_type=\"section\" data-e-type=\"section\">\n\t\t\t\t\t\t<div class=\"elementor-container elementor-column-gap-default\">\n\t\t\t\t\t<div class=\"elementor-column elementor-col-100 elementor-top-column elementor-element elementor-element-849f2d3\" data-id=\"849f2d3\" data-element_type=\"column\" data-e-type=\"column\">\n\t\t\t<div class=\"elementor-widget-wrap elementor-element-populated\">\n\t\t\t\t\t\t<div class=\"elementor-element elementor-element-7d2b239 elementor-widget elementor-widget-text-editor\" data-id=\"7d2b239\" data-element_type=\"widget\" data-e-type=\"widget\" data-widget_type=\"text-editor.default\">\n\t\t\t\t<div class=\"elementor-widget-container\">\n\t\t\t\t\t\t\t\t\t<p>Antico tempio egizio a Madrid? Potrebbe non essere un tipico monumento di Madrid, perch\u00e9 non \u00e8 legato alla capitale spagnola in alcun modo storico, ma a parte questo fatto, \u00e8 sicuramente un&#8217;importante attrazione di Madrid. Il Tempio di Debod \u00e8 stato portato dall&#8217;Egitto come dono per l&#8217;aiuto fornito in passato dalla Spagna.<br>Il tempio di Debod ha 2.200 anni e la sua posizione originale \u00e8 Debod sul Nilo. Il tempio ha diverse stanze, la pi\u00f9 importante delle quali \u00e8 la cappella decorata con rilievi, che si \u00e8 conservata nel suo stato originale. \u00c8 la parte pi\u00f9 antica del tempio.<br>Fu ricostruito nel Parque de la Monta\u00f1a di Madrid, sul fiume Manzanares, vicino al Palazzo Reale. Da qui si ha una bellissima vista su Casa de Campo, il pi\u00f9 grande parco urbano di Madrid. Il tempio \u00e8 particolarmente suggestivo la sera, quando \u00e8 illuminato e l&#8217;acqua ne riflette i contorni.<\/p>\t\t\t\t\t\t\t\t<\/div>\n\t\t\t\t<\/div>\n\t\t\t\t\t<\/div>\n\t\t<\/div>\n\t\t\t\t\t<\/div>\n\t\t<\/section>\n\t\t\t\t<section class=\"elementor-section elementor-top-section elementor-element elementor-element-ac2f88a elementor-section-boxed elementor-section-height-default elementor-section-height-default\" data-id=\"ac2f88a\" data-element_type=\"section\" data-e-type=\"section\">\n\t\t\t\t\t\t<div class=\"elementor-container elementor-column-gap-default\">\n\t\t\t\t\t<div class=\"elementor-column elementor-col-100 elementor-top-column elementor-element elementor-element-66fad16\" data-id=\"66fad16\" data-element_type=\"column\" data-e-type=\"column\">\n\t\t\t<div class=\"elementor-widget-wrap elementor-element-populated\">\n\t\t\t\t\t\t<div class=\"elementor-element elementor-element-65e0635 elementor-widget elementor-widget-heading\" data-id=\"65e0635\" data-element_type=\"widget\" data-e-type=\"widget\" data-widget_type=\"heading.default\">\n\t\t\t\t<div class=\"elementor-widget-container\">\n\t\t\t\t\t<h2 class=\"elementor-heading-title elementor-size-default\">Porta Alcal\u00e0<\/h2>\t\t\t\t<\/div>\n\t\t\t\t<\/div>\n\t\t\t\t\t<\/div>\n\t\t<\/div>\n\t\t\t\t\t<\/div>\n\t\t<\/section>\n\t\t\t\t<section class=\"elementor-section elementor-top-section elementor-element elementor-element-da001bb elementor-section-boxed elementor-section-height-default elementor-section-height-default\" data-id=\"da001bb\" data-element_type=\"section\" data-e-type=\"section\">\n\t\t\t\t\t\t<div class=\"elementor-container elementor-column-gap-default\">\n\t\t\t\t\t<div class=\"elementor-column elementor-col-100 elementor-top-column elementor-element elementor-element-372b191\" data-id=\"372b191\" data-element_type=\"column\" data-e-type=\"column\">\n\t\t\t<div class=\"elementor-widget-wrap elementor-element-populated\">\n\t\t\t\t\t\t<div class=\"elementor-element elementor-element-0dc90fc elementor-widget elementor-widget-image\" data-id=\"0dc90fc\" data-element_type=\"widget\" data-e-type=\"widget\" data-widget_type=\"image.default\">\n\t\t\t\t<div class=\"elementor-widget-container\">\n\t\t\t\t\t\t\t\t\t\t\t\t\t\t\t<img loading=\"lazy\" decoding=\"async\" width=\"1024\" height=\"618\" src=\"https:\/\/naturanda.com\/wp-content\/uploads\/2021\/07\/que-hacer-en-Madrid-este-fin-de-semana-1024x618.jpg\" class=\"attachment-large size-large wp-image-14714\" alt=\"Cosa fare a Madrid questo fine settimana\" srcset=\"https:\/\/naturanda.com\/wp-content\/uploads\/2021\/07\/que-hacer-en-Madrid-este-fin-de-semana-1024x618.jpg 1024w, https:\/\/naturanda.com\/wp-content\/uploads\/2021\/07\/que-hacer-en-Madrid-este-fin-de-semana-300x181.jpg 300w, https:\/\/naturanda.com\/wp-content\/uploads\/2021\/07\/que-hacer-en-Madrid-este-fin-de-semana-150x90.jpg 150w, https:\/\/naturanda.com\/wp-content\/uploads\/2021\/07\/que-hacer-en-Madrid-este-fin-de-semana-768x463.jpg 768w, https:\/\/naturanda.com\/wp-content\/uploads\/2021\/07\/que-hacer-en-Madrid-este-fin-de-semana.jpg 1280w\" sizes=\"(max-width: 1024px) 100vw, 1024px\" \/>\t\t\t\t\t\t\t\t\t\t\t\t\t\t\t<\/div>\n\t\t\t\t<\/div>\n\t\t\t\t\t<\/div>\n\t\t<\/div>\n\t\t\t\t\t<\/div>\n\t\t<\/section>\n\t\t\t\t<section class=\"elementor-section elementor-top-section elementor-element elementor-element-b3e9471 elementor-section-boxed elementor-section-height-default elementor-section-height-default\" data-id=\"b3e9471\" data-element_type=\"section\" data-e-type=\"section\">\n\t\t\t\t\t\t<div class=\"elementor-container elementor-column-gap-default\">\n\t\t\t\t\t<div class=\"elementor-column elementor-col-100 elementor-top-column elementor-element elementor-element-79fbf38\" data-id=\"79fbf38\" data-element_type=\"column\" data-e-type=\"column\">\n\t\t\t<div class=\"elementor-widget-wrap elementor-element-populated\">\n\t\t\t\t\t\t<div class=\"elementor-element elementor-element-090ce58 elementor-widget elementor-widget-text-editor\" data-id=\"090ce58\" data-element_type=\"widget\" data-e-type=\"widget\" data-widget_type=\"text-editor.default\">\n\t\t\t\t<div class=\"elementor-widget-container\">\n\t\t\t\t\t\t\t\t\t<p>La Puerta de Alcal\u00e1 \u00e8 la porta orientale delle mura della citt\u00e0 vecchia, situata nell&#8217;attuale Plaza de la Independencia a Madrid. L&#8217;enorme cancello era in granito e fu progettato da Francesco Sabatini, per volere del re Carlo III. La porta \u00e8 decorata con intagli in marmo bianco. Ci sono cinque ingressi nella crusca, decorati con archi. La parte centrale della Puerta de Alcal\u00e1 \u00e8 decorata con una lastra di pietra che commemora l&#8217;anno di costruzione 1778 e il re, con uno scudo e uno stemma che rappresentano la Fama e il Genio che brandiscono armi.<\/p>\t\t\t\t\t\t\t\t<\/div>\n\t\t\t\t<\/div>\n\t\t\t\t\t<\/div>\n\t\t<\/div>\n\t\t\t\t\t<\/div>\n\t\t<\/section>\n\t\t\t\t<section class=\"elementor-section elementor-top-section elementor-element elementor-element-2d40beb elementor-section-boxed elementor-section-height-default elementor-section-height-default\" data-id=\"2d40beb\" data-element_type=\"section\" data-e-type=\"section\">\n\t\t\t\t\t\t<div class=\"elementor-container elementor-column-gap-default\">\n\t\t\t\t\t<div class=\"elementor-column elementor-col-100 elementor-top-column elementor-element elementor-element-20c97e0\" data-id=\"20c97e0\" data-element_type=\"column\" data-e-type=\"column\">\n\t\t\t<div class=\"elementor-widget-wrap elementor-element-populated\">\n\t\t\t\t\t\t<div class=\"elementor-element elementor-element-edc811c elementor-widget elementor-widget-heading\" data-id=\"edc811c\" data-element_type=\"widget\" data-e-type=\"widget\" data-widget_type=\"heading.default\">\n\t\t\t\t<div class=\"elementor-widget-container\">\n\t\t\t\t\t<h2 class=\"elementor-heading-title elementor-size-default\">Plaza de Cibeles<\/h2>\t\t\t\t<\/div>\n\t\t\t\t<\/div>\n\t\t\t\t\t<\/div>\n\t\t<\/div>\n\t\t\t\t\t<\/div>\n\t\t<\/section>\n\t\t\t\t<section class=\"elementor-section elementor-top-section elementor-element elementor-element-7454377 elementor-section-boxed elementor-section-height-default elementor-section-height-default\" data-id=\"7454377\" data-element_type=\"section\" data-e-type=\"section\">\n\t\t\t\t\t\t<div class=\"elementor-container elementor-column-gap-default\">\n\t\t\t\t\t<div class=\"elementor-column elementor-col-100 elementor-top-column elementor-element elementor-element-207e9d7\" data-id=\"207e9d7\" data-element_type=\"column\" data-e-type=\"column\">\n\t\t\t<div class=\"elementor-widget-wrap elementor-element-populated\">\n\t\t\t\t\t\t<div class=\"elementor-element elementor-element-82051da elementor-widget elementor-widget-image\" data-id=\"82051da\" data-element_type=\"widget\" data-e-type=\"widget\" data-widget_type=\"image.default\">\n\t\t\t\t<div class=\"elementor-widget-container\">\n\t\t\t\t\t\t\t\t\t\t\t\t\t\t\t<img loading=\"lazy\" decoding=\"async\" width=\"1024\" height=\"686\" src=\"https:\/\/naturanda.com\/wp-content\/uploads\/2021\/07\/que-ver-en-Madrid-en-un-dia-1024x686.jpg\" class=\"attachment-large size-large wp-image-14718\" alt=\"Cosa vedere a Madrid in un giorno\" srcset=\"https:\/\/naturanda.com\/wp-content\/uploads\/2021\/07\/que-ver-en-Madrid-en-un-dia-1024x686.jpg 1024w, https:\/\/naturanda.com\/wp-content\/uploads\/2021\/07\/que-ver-en-Madrid-en-un-dia-300x201.jpg 300w, https:\/\/naturanda.com\/wp-content\/uploads\/2021\/07\/que-ver-en-Madrid-en-un-dia-150x101.jpg 150w, https:\/\/naturanda.com\/wp-content\/uploads\/2021\/07\/que-ver-en-Madrid-en-un-dia-768x515.jpg 768w, https:\/\/naturanda.com\/wp-content\/uploads\/2021\/07\/que-ver-en-Madrid-en-un-dia.jpg 1280w\" sizes=\"(max-width: 1024px) 100vw, 1024px\" \/>\t\t\t\t\t\t\t\t\t\t\t\t\t\t\t<\/div>\n\t\t\t\t<\/div>\n\t\t\t\t\t<\/div>\n\t\t<\/div>\n\t\t\t\t\t<\/div>\n\t\t<\/section>\n\t\t\t\t<section class=\"elementor-section elementor-top-section elementor-element elementor-element-96f8686 elementor-section-boxed elementor-section-height-default elementor-section-height-default\" data-id=\"96f8686\" data-element_type=\"section\" data-e-type=\"section\">\n\t\t\t\t\t\t<div class=\"elementor-container elementor-column-gap-default\">\n\t\t\t\t\t<div class=\"elementor-column elementor-col-100 elementor-top-column elementor-element elementor-element-9bbff11\" data-id=\"9bbff11\" data-element_type=\"column\" data-e-type=\"column\">\n\t\t\t<div class=\"elementor-widget-wrap elementor-element-populated\">\n\t\t\t\t\t\t<div class=\"elementor-element elementor-element-2427ea5 elementor-widget elementor-widget-text-editor\" data-id=\"2427ea5\" data-element_type=\"widget\" data-e-type=\"widget\" data-widget_type=\"text-editor.default\">\n\t\t\t\t<div class=\"elementor-widget-container\">\n\t\t\t\t\t\t\t\t\t<p>Plaza de Cibeles \u00e8 una piazza con la famosa fontana da cartolina di Madrid, dove si celebrano i successi sportivi di varie squadre, cos\u00ec come la squadra di calcio. In effetti, la piazza \u00e8 una rotonda trafficata ed \u00e8 l&#8217;incrocio pi\u00f9 fotografato di Madrid e della Spagna. Il nome della piazza deriva dalla Fuente de Cibeles, una fontana con la statua della dea frigia Cibeles, considerata il biglietto da visita. La piazza ospita anche l&#8217;ufficio postale principale del Palazzo delle Comunicazioni. Dal 2007 l&#8217;edificio \u00e8 sede del governo cittadino e del sindaco di Madrid.<\/p>\t\t\t\t\t\t\t\t<\/div>\n\t\t\t\t<\/div>\n\t\t\t\t\t<\/div>\n\t\t<\/div>\n\t\t\t\t\t<\/div>\n\t\t<\/section>\n\t\t\t\t<section class=\"elementor-section elementor-top-section elementor-element elementor-element-e39560b elementor-section-boxed elementor-section-height-default elementor-section-height-default\" data-id=\"e39560b\" data-element_type=\"section\" data-e-type=\"section\">\n\t\t\t\t\t\t<div class=\"elementor-container elementor-column-gap-default\">\n\t\t\t\t\t<div class=\"elementor-column elementor-col-100 elementor-top-column elementor-element elementor-element-e872565\" data-id=\"e872565\" data-element_type=\"column\" data-e-type=\"column\">\n\t\t\t<div class=\"elementor-widget-wrap elementor-element-populated\">\n\t\t\t\t\t\t<div class=\"elementor-element elementor-element-8809a90 elementor-widget elementor-widget-heading\" data-id=\"8809a90\" data-element_type=\"widget\" data-e-type=\"widget\" data-widget_type=\"heading.default\">\n\t\t\t\t<div class=\"elementor-widget-container\">\n\t\t\t\t\t<h2 class=\"elementor-heading-title elementor-size-default\">Stadio Santiago Bernab\u00e9u<\/h2>\t\t\t\t<\/div>\n\t\t\t\t<\/div>\n\t\t\t\t\t<\/div>\n\t\t<\/div>\n\t\t\t\t\t<\/div>\n\t\t<\/section>\n\t\t\t\t<section class=\"elementor-section elementor-top-section elementor-element elementor-element-1a6e0ef elementor-section-boxed elementor-section-height-default elementor-section-height-default\" data-id=\"1a6e0ef\" data-element_type=\"section\" data-e-type=\"section\">\n\t\t\t\t\t\t<div class=\"elementor-container elementor-column-gap-default\">\n\t\t\t\t\t<div class=\"elementor-column elementor-col-100 elementor-top-column elementor-element elementor-element-000a052\" data-id=\"000a052\" data-element_type=\"column\" data-e-type=\"column\">\n\t\t\t<div class=\"elementor-widget-wrap elementor-element-populated\">\n\t\t\t\t\t\t<div class=\"elementor-element elementor-element-4f8c14a elementor-widget elementor-widget-image\" data-id=\"4f8c14a\" data-element_type=\"widget\" data-e-type=\"widget\" data-widget_type=\"image.default\">\n\t\t\t\t<div class=\"elementor-widget-container\">\n\t\t\t\t\t\t\t\t\t\t\t\t\t\t\t<img loading=\"lazy\" decoding=\"async\" width=\"1024\" height=\"681\" src=\"https:\/\/naturanda.com\/wp-content\/uploads\/2021\/07\/que-ver-en-Madrid-en-tres-dias-1024x681.jpg\" class=\"attachment-large size-large wp-image-14730\" alt=\"Cosa vedere a Madrid in 3 giorni\" srcset=\"https:\/\/naturanda.com\/wp-content\/uploads\/2021\/07\/que-ver-en-Madrid-en-tres-dias-1024x681.jpg 1024w, https:\/\/naturanda.com\/wp-content\/uploads\/2021\/07\/que-ver-en-Madrid-en-tres-dias-300x199.jpg 300w, https:\/\/naturanda.com\/wp-content\/uploads\/2021\/07\/que-ver-en-Madrid-en-tres-dias-150x100.jpg 150w, https:\/\/naturanda.com\/wp-content\/uploads\/2021\/07\/que-ver-en-Madrid-en-tres-dias-768x511.jpg 768w, https:\/\/naturanda.com\/wp-content\/uploads\/2021\/07\/que-ver-en-Madrid-en-tres-dias.jpg 1280w\" sizes=\"(max-width: 1024px) 100vw, 1024px\" \/>\t\t\t\t\t\t\t\t\t\t\t\t\t\t\t<\/div>\n\t\t\t\t<\/div>\n\t\t\t\t\t<\/div>\n\t\t<\/div>\n\t\t\t\t\t<\/div>\n\t\t<\/section>\n\t\t\t\t<section class=\"elementor-section elementor-top-section elementor-element elementor-element-0109da9 elementor-section-boxed elementor-section-height-default elementor-section-height-default\" data-id=\"0109da9\" data-element_type=\"section\" data-e-type=\"section\">\n\t\t\t\t\t\t<div class=\"elementor-container elementor-column-gap-default\">\n\t\t\t\t\t<div class=\"elementor-column elementor-col-100 elementor-top-column elementor-element elementor-element-97a871b\" data-id=\"97a871b\" data-element_type=\"column\" data-e-type=\"column\">\n\t\t\t<div class=\"elementor-widget-wrap elementor-element-populated\">\n\t\t\t\t\t\t<div class=\"elementor-element elementor-element-e9170cf elementor-widget elementor-widget-text-editor\" data-id=\"e9170cf\" data-element_type=\"widget\" data-e-type=\"widget\" data-widget_type=\"text-editor.default\">\n\t\t\t\t<div class=\"elementor-widget-container\">\n\t\t\t\t\t\t\t\t\t<p>Lo stadio di calcio del Real Madrid \u00e8, senza dubbio, una vera delizia per gli appassionati di calcio. \u00c8 il quartier generale del Real Madrid e vi gioca anche la nazionale spagnola. Inoltre, lo stadio ha una propria stazione della metropolitana, Estaci\u00f3n de Santiago Bernab\u00e9u, attraverso la quale passa la linea 10.<\/p>\t\t\t\t\t\t\t\t<\/div>\n\t\t\t\t<\/div>\n\t\t\t\t\t<\/div>\n\t\t<\/div>\n\t\t\t\t\t<\/div>\n\t\t<\/section>\n\t\t\t\t<section class=\"elementor-section elementor-top-section elementor-element elementor-element-8eefdde elementor-section-boxed elementor-section-height-default elementor-section-height-default\" data-id=\"8eefdde\" data-element_type=\"section\" data-e-type=\"section\">\n\t\t\t\t\t\t<div class=\"elementor-container elementor-column-gap-default\">\n\t\t\t\t\t<div class=\"elementor-column elementor-col-100 elementor-top-column elementor-element elementor-element-6f9fda1\" data-id=\"6f9fda1\" data-element_type=\"column\" data-e-type=\"column\">\n\t\t\t<div class=\"elementor-widget-wrap elementor-element-populated\">\n\t\t\t\t\t\t<div class=\"elementor-element elementor-element-139abfe elementor-widget elementor-widget-heading\" data-id=\"139abfe\" data-element_type=\"widget\" data-e-type=\"widget\" data-widget_type=\"heading.default\">\n\t\t\t\t<div class=\"elementor-widget-container\">\n\t\t\t\t\t<h2 class=\"elementor-heading-title elementor-size-default\">Villetta<\/h2>\t\t\t\t<\/div>\n\t\t\t\t<\/div>\n\t\t\t\t\t<\/div>\n\t\t<\/div>\n\t\t\t\t\t<\/div>\n\t\t<\/section>\n\t\t\t\t<section class=\"elementor-section elementor-top-section elementor-element elementor-element-22b1c0b elementor-section-boxed elementor-section-height-default elementor-section-height-default\" data-id=\"22b1c0b\" data-element_type=\"section\" data-e-type=\"section\">\n\t\t\t\t\t\t<div class=\"elementor-container elementor-column-gap-default\">\n\t\t\t\t\t<div class=\"elementor-column elementor-col-100 elementor-top-column elementor-element elementor-element-90657d4\" data-id=\"90657d4\" data-element_type=\"column\" data-e-type=\"column\">\n\t\t\t<div class=\"elementor-widget-wrap elementor-element-populated\">\n\t\t\t\t\t\t<div class=\"elementor-element elementor-element-e971e6b elementor-widget elementor-widget-image\" data-id=\"e971e6b\" data-element_type=\"widget\" data-e-type=\"widget\" data-widget_type=\"image.default\">\n\t\t\t\t<div class=\"elementor-widget-container\">\n\t\t\t\t\t\t\t\t\t\t\t\t\t\t\t<img loading=\"lazy\" decoding=\"async\" width=\"1280\" height=\"854\" src=\"https:\/\/naturanda.com\/wp-content\/uploads\/2021\/07\/que-hacer-hoy-en-Madrid-al-aire-libre.jpg\" class=\"attachment-full size-full wp-image-14722\" alt=\"Cosa fare oggi a Madrid all&#039;aperto\" srcset=\"https:\/\/naturanda.com\/wp-content\/uploads\/2021\/07\/que-hacer-hoy-en-Madrid-al-aire-libre.jpg 1280w, https:\/\/naturanda.com\/wp-content\/uploads\/2021\/07\/que-hacer-hoy-en-Madrid-al-aire-libre-300x200.jpg 300w, https:\/\/naturanda.com\/wp-content\/uploads\/2021\/07\/que-hacer-hoy-en-Madrid-al-aire-libre-1024x683.jpg 1024w, https:\/\/naturanda.com\/wp-content\/uploads\/2021\/07\/que-hacer-hoy-en-Madrid-al-aire-libre-150x100.jpg 150w, https:\/\/naturanda.com\/wp-content\/uploads\/2021\/07\/que-hacer-hoy-en-Madrid-al-aire-libre-768x512.jpg 768w\" sizes=\"(max-width: 1280px) 100vw, 1280px\" \/>\t\t\t\t\t\t\t\t\t\t\t\t\t\t\t<\/div>\n\t\t\t\t<\/div>\n\t\t\t\t\t<\/div>\n\t\t<\/div>\n\t\t\t\t\t<\/div>\n\t\t<\/section>\n\t\t\t\t<section class=\"elementor-section elementor-top-section elementor-element elementor-element-4b44126 elementor-section-boxed elementor-section-height-default elementor-section-height-default\" data-id=\"4b44126\" data-element_type=\"section\" data-e-type=\"section\">\n\t\t\t\t\t\t<div class=\"elementor-container elementor-column-gap-default\">\n\t\t\t\t\t<div class=\"elementor-column elementor-col-100 elementor-top-column elementor-element elementor-element-874d664\" data-id=\"874d664\" data-element_type=\"column\" data-e-type=\"column\">\n\t\t\t<div class=\"elementor-widget-wrap elementor-element-populated\">\n\t\t\t\t\t\t<div class=\"elementor-element elementor-element-94458ab elementor-widget elementor-widget-text-editor\" data-id=\"94458ab\" data-element_type=\"widget\" data-e-type=\"widget\" data-widget_type=\"text-editor.default\">\n\t\t\t\t<div class=\"elementor-widget-container\">\n\t\t\t\t\t\t\t\t\t<p>Casa de Campo \u00e8 il parco pi\u00f9 grande di Madrid. La sua superficie \u00e8 di 1700 ettari. Un tempo era una riserva di caccia reale. Nel parco si trova il Parque de Atracciones de Madrid, che \u00e8 un enorme parco divertimenti con varie attrazioni come: montagne russe, giostre, una funivia e l&#8217;Acquario Zoo di Madrid, cio\u00e8 uno zoo. Inoltre, la funivia da Aleja Pintor Rosales al Parque Casa de Campo \u00e8 una delle attrazioni di Madrid.<\/p><p>Nel Parco Casa de Campo puoi fare un giro in barca su un enorme lago artificiale. Il parco \u00e8 un luogo di riposo e relax per residenti e turisti che si prendono una pausa dalla visita dei monumenti classici di Madrid. Dal parco si pu\u00f2 ammirare il panorama di Madrid, dai numerosi belvedere che qui si trovano.<\/p><p>Allo stesso modo, questo parco dispone di ristoranti, aree picnic, panchine e parchi giochi per bambini.<\/p>\t\t\t\t\t\t\t\t<\/div>\n\t\t\t\t<\/div>\n\t\t\t\t\t<\/div>\n\t\t<\/div>\n\t\t\t\t\t<\/div>\n\t\t<\/section>\n\t\t\t\t<section class=\"elementor-section elementor-top-section elementor-element elementor-element-e1ae99e elementor-section-boxed elementor-section-height-default elementor-section-height-default\" data-id=\"e1ae99e\" data-element_type=\"section\" data-e-type=\"section\">\n\t\t\t\t\t\t<div class=\"elementor-container elementor-column-gap-default\">\n\t\t\t\t\t<div class=\"elementor-column elementor-col-100 elementor-top-column elementor-element elementor-element-2014f8a\" data-id=\"2014f8a\" data-element_type=\"column\" data-e-type=\"column\">\n\t\t\t<div class=\"elementor-widget-wrap elementor-element-populated\">\n\t\t\t\t\t\t<div class=\"elementor-element elementor-element-36c2d5e elementor-widget elementor-widget-heading\" data-id=\"36c2d5e\" data-element_type=\"widget\" data-e-type=\"widget\" data-widget_type=\"heading.default\">\n\t\t\t\t<div class=\"elementor-widget-container\">\n\t\t\t\t\t<h2 class=\"elementor-heading-title elementor-size-default\">Plaza de Oriente, Madrid<\/h2>\t\t\t\t<\/div>\n\t\t\t\t<\/div>\n\t\t\t\t\t<\/div>\n\t\t<\/div>\n\t\t\t\t\t<\/div>\n\t\t<\/section>\n\t\t\t\t<section class=\"elementor-section elementor-top-section elementor-element elementor-element-8f13313 elementor-section-boxed elementor-section-height-default elementor-section-height-default\" data-id=\"8f13313\" data-element_type=\"section\" data-e-type=\"section\">\n\t\t\t\t\t\t<div class=\"elementor-container elementor-column-gap-default\">\n\t\t\t\t\t<div class=\"elementor-column elementor-col-100 elementor-top-column elementor-element elementor-element-30ad1fb\" data-id=\"30ad1fb\" data-element_type=\"column\" data-e-type=\"column\">\n\t\t\t<div class=\"elementor-widget-wrap elementor-element-populated\">\n\t\t\t\t\t\t<div class=\"elementor-element elementor-element-f430624 elementor-widget elementor-widget-image\" data-id=\"f430624\" data-element_type=\"widget\" data-e-type=\"widget\" data-widget_type=\"image.default\">\n\t\t\t\t<div class=\"elementor-widget-container\">\n\t\t\t\t\t\t\t\t\t\t\t\t\t\t\t<img loading=\"lazy\" decoding=\"async\" width=\"1024\" height=\"576\" src=\"https:\/\/naturanda.com\/wp-content\/uploads\/2021\/07\/que-hacer-en-la-comunidad-de-Madrid-1024x576.jpg\" class=\"attachment-large size-large wp-image-14726\" alt=\"Cosa fare nella Comunit\u00e0 di Madrid\" srcset=\"https:\/\/naturanda.com\/wp-content\/uploads\/2021\/07\/que-hacer-en-la-comunidad-de-Madrid-1024x576.jpg 1024w, https:\/\/naturanda.com\/wp-content\/uploads\/2021\/07\/que-hacer-en-la-comunidad-de-Madrid-300x169.jpg 300w, https:\/\/naturanda.com\/wp-content\/uploads\/2021\/07\/que-hacer-en-la-comunidad-de-Madrid-150x84.jpg 150w, https:\/\/naturanda.com\/wp-content\/uploads\/2021\/07\/que-hacer-en-la-comunidad-de-Madrid-768x432.jpg 768w, https:\/\/naturanda.com\/wp-content\/uploads\/2021\/07\/que-hacer-en-la-comunidad-de-Madrid.jpg 1280w\" sizes=\"(max-width: 1024px) 100vw, 1024px\" \/>\t\t\t\t\t\t\t\t\t\t\t\t\t\t\t<\/div>\n\t\t\t\t<\/div>\n\t\t\t\t\t<\/div>\n\t\t<\/div>\n\t\t\t\t\t<\/div>\n\t\t<\/section>\n\t\t\t\t<section class=\"elementor-section elementor-top-section elementor-element elementor-element-8a42f29 elementor-section-boxed elementor-section-height-default elementor-section-height-default\" data-id=\"8a42f29\" data-element_type=\"section\" data-e-type=\"section\">\n\t\t\t\t\t\t<div class=\"elementor-container elementor-column-gap-default\">\n\t\t\t\t\t<div class=\"elementor-column elementor-col-100 elementor-top-column elementor-element elementor-element-5744fa5\" data-id=\"5744fa5\" data-element_type=\"column\" data-e-type=\"column\">\n\t\t\t<div class=\"elementor-widget-wrap elementor-element-populated\">\n\t\t\t\t\t\t<div class=\"elementor-element elementor-element-30ca57d elementor-widget elementor-widget-text-editor\" data-id=\"30ca57d\" data-element_type=\"widget\" data-e-type=\"widget\" data-widget_type=\"text-editor.default\">\n\t\t\t\t<div class=\"elementor-widget-container\">\n\t\t\t\t\t\t\t\t\t<p>La Plaza de Oriente \u00e8 una piazza nel centro storico di Madrid. La piazza ha forma rettangolare e carattere monumentale. Fu progettato nel 1844 da Narciso Pascual y Colomer. Diversi importanti monumenti di Madrid si trovano vicino alla piazza, come: il Palazzo Reale a ovest, il Teatro Reale a est e il Royal Monasterio de la Encarnaci\u00f3n a nord.<\/p><p>La statua di Felipe IV si trova al centro di Plaza de Oriente. In Plaza de Oriente puoi passeggiare tra cespugli e alberi in giardini semicircolari e apprezzare varie statue di re spagnoli del Medioevo.<\/p>\t\t\t\t\t\t\t\t<\/div>\n\t\t\t\t<\/div>\n\t\t\t\t\t<\/div>\n\t\t<\/div>\n\t\t\t\t\t<\/div>\n\t\t<\/section>\n\t\t\t\t<section class=\"elementor-section elementor-top-section elementor-element elementor-element-61a0e00 elementor-section-boxed elementor-section-height-default elementor-section-height-default\" data-id=\"61a0e00\" data-element_type=\"section\" data-e-type=\"section\">\n\t\t\t\t\t\t<div class=\"elementor-container elementor-column-gap-default\">\n\t\t\t\t\t<div class=\"elementor-column elementor-col-100 elementor-top-column elementor-element elementor-element-5683d20\" data-id=\"5683d20\" data-element_type=\"column\" data-e-type=\"column\">\n\t\t\t<div class=\"elementor-widget-wrap elementor-element-populated\">\n\t\t\t\t\t\t<div class=\"elementor-element elementor-element-bebb011 elementor-widget elementor-widget-heading\" data-id=\"bebb011\" data-element_type=\"widget\" data-e-type=\"widget\" data-widget_type=\"heading.default\">\n\t\t\t\t<div class=\"elementor-widget-container\">\n\t\t\t\t\t<h2 class=\"elementor-heading-title elementor-size-default\">Mercato di San Michele<\/h2>\t\t\t\t<\/div>\n\t\t\t\t<\/div>\n\t\t\t\t\t<\/div>\n\t\t<\/div>\n\t\t\t\t\t<\/div>\n\t\t<\/section>\n\t\t\t\t<section class=\"elementor-section elementor-top-section elementor-element elementor-element-d7bc10f elementor-section-boxed elementor-section-height-default elementor-section-height-default\" data-id=\"d7bc10f\" data-element_type=\"section\" data-e-type=\"section\">\n\t\t\t\t\t\t<div class=\"elementor-container elementor-column-gap-default\">\n\t\t\t\t\t<div class=\"elementor-column elementor-col-100 elementor-top-column elementor-element elementor-element-73fc527\" data-id=\"73fc527\" data-element_type=\"column\" data-e-type=\"column\">\n\t\t\t<div class=\"elementor-widget-wrap elementor-element-populated\">\n\t\t\t\t\t\t<div class=\"elementor-element elementor-element-93d0546 elementor-widget elementor-widget-text-editor\" data-id=\"93d0546\" data-element_type=\"widget\" data-e-type=\"widget\" data-widget_type=\"text-editor.default\">\n\t\t\t\t<div class=\"elementor-widget-container\">\n\t\t\t\t\t\t\t\t\t<p>Proprio accanto a Plaza Mayor si trova il famoso Mercado de San Miguel di Madrid. Una delle fiere pi\u00f9 famose (se non la pi\u00f9) in Spagna.<\/p><p>Il mercato Mercado de San Miguel \u00e8 una vera esperienza culinaria della Spagna. Qui assaggerai il tradizionale prosciutto essiccato, il formaggio Manchego, la paella, i frutti di mare, le tapas, la frutta e la verdura, oltre a vini e liquori. Il secondo mercato famoso di Madrid \u00e8 il Mercado de San Ant\u00f3n. Per gli amanti della gastronomia si consiglia una visita guidata e una degustazione di tapas.<\/p>\t\t\t\t\t\t\t\t<\/div>\n\t\t\t\t<\/div>\n\t\t\t\t\t<\/div>\n\t\t<\/div>\n\t\t\t\t\t<\/div>\n\t\t<\/section>\n\t\t\t\t<section class=\"elementor-section elementor-top-section elementor-element elementor-element-7e418ba elementor-section-boxed elementor-section-height-default elementor-section-height-default\" data-id=\"7e418ba\" data-element_type=\"section\" data-e-type=\"section\">\n\t\t\t\t\t\t<div class=\"elementor-container elementor-column-gap-default\">\n\t\t\t\t\t<div class=\"elementor-column elementor-col-100 elementor-top-column elementor-element elementor-element-582aff1\" data-id=\"582aff1\" data-element_type=\"column\" data-e-type=\"column\">\n\t\t\t<div class=\"elementor-widget-wrap elementor-element-populated\">\n\t\t\t\t\t\t<div class=\"elementor-element elementor-element-c42e7dc elementor-toc--minimized-on-tablet elementor-widget elementor-widget-table-of-contents\" data-id=\"c42e7dc\" data-element_type=\"widget\" data-e-type=\"widget\" data-settings=\"{&quot;exclude_headings_by_selector&quot;:[],&quot;headings_by_tags&quot;:[&quot;h2&quot;,&quot;h3&quot;,&quot;h4&quot;,&quot;h5&quot;,&quot;h6&quot;],&quot;marker_view&quot;:&quot;numbers&quot;,&quot;no_headings_message&quot;:&quot;Non sono state trovate intestazioni in questa pagina.&quot;,&quot;minimize_box&quot;:&quot;yes&quot;,&quot;minimized_on&quot;:&quot;tablet&quot;,&quot;hierarchical_view&quot;:&quot;yes&quot;,&quot;min_height&quot;:{&quot;unit&quot;:&quot;px&quot;,&quot;size&quot;:&quot;&quot;,&quot;sizes&quot;:[]},&quot;min_height_tablet&quot;:{&quot;unit&quot;:&quot;px&quot;,&quot;size&quot;:&quot;&quot;,&quot;sizes&quot;:[]},&quot;min_height_mobile&quot;:{&quot;unit&quot;:&quot;px&quot;,&quot;size&quot;:&quot;&quot;,&quot;sizes&quot;:[]}}\" data-widget_type=\"table-of-contents.default\">\n\t\t\t\t<div class=\"elementor-widget-container\">\n\t\t\t\t\t\t\t\t\t<div class=\"elementor-toc__header\">\n\t\t\t\t\t\t<h4 class=\"elementor-toc__header-title\">\n\t\t\t\tSommario\t\t\t<\/h4>\n\t\t\t\t\t\t\t\t\t\t<div class=\"elementor-toc__toggle-button elementor-toc__toggle-button--expand\" role=\"button\" tabindex=\"0\" aria-controls=\"elementor-toc__c42e7dc\" aria-expanded=\"true\" aria-label=\"Apri l&#039;indice dei contenuti\"><i aria-hidden=\"true\" class=\"fas fa-chevron-down\"><\/i><\/div>\n\t\t\t\t<div class=\"elementor-toc__toggle-button elementor-toc__toggle-button--collapse\" role=\"button\" tabindex=\"0\" aria-controls=\"elementor-toc__c42e7dc\" aria-expanded=\"true\" aria-label=\"Chiudi l&#039;indice dei contenuti\"><i aria-hidden=\"true\" class=\"fas fa-chevron-up\"><\/i><\/div>\n\t\t\t\t\t<\/div>\n\t\t\t\t<div id=\"elementor-toc__c42e7dc\" class=\"elementor-toc__body\">\n\t\t\t<div class=\"elementor-toc__spinner-container\">\n\t\t\t\t<i class=\"elementor-toc__spinner eicon-animation-spin eicon-loading\" aria-hidden=\"true\"><\/i>\t\t\t<\/div>\n\t\t<\/div>\n\t\t\t\t\t\t<\/div>\n\t\t\t\t<\/div>\n\t\t\t\t\t<\/div>\n\t\t<\/div>\n\t\t\t\t\t<\/div>\n\t\t<\/section>\n\t\t\t\t<\/div>\n\t\t","protected":false},"excerpt":{"rendered":"<p>Cosa vedere e fare a Madrid Madrid \u00e8 una citt\u00e0 di eleganti viali e grandi parchi reali ben curati. Famosa per le sue ricche collezioni d&#8217;arte europea, tra cui opere di Goya, Vel\u00e1zquez e altri maestri spagnoli, \u00e8 anche il cuore della Spagna; contando su un bellissimo centro storico, come la Plaza Mayor, e nelle sue vicinanze con monumenti dell&#8217;importanza del Palazzo Reale e dell&#8217;Armeria. Ma Madrid \u00e8 anche il mercato domenicale di El Rastro nel quartiere medievale di La Latina, la centralissima Plaza Puerta del Sol con il monumento all&#8217;orso e il corbezzolo sullo stemma cittadino, il Museo Archeologico &#8230; <a title=\"Cosa vedere e fare a Madrid\" class=\"read-more\" href=\"https:\/\/naturanda.com\/it\/cosa-vedere-e-fare-a-madrid\/\" aria-label=\"Per saperne di pi\u00f9 su Cosa vedere e fare a Madrid\">Leggi tutto<\/a><\/p>\n","protected":false},"author":1,"featured_media":14685,"comment_status":"closed","ping_status":"closed","sticky":false,"template":"elementor_header_footer","format":"standard","meta":{"_acf_changed":false,"footnotes":""},"categories":[1363],"tags":[],"class_list":["post-20449","post","type-post","status-publish","format-standard","has-post-thumbnail","hentry","category-madrid-it"],"acf":[],"_wp_attached_file":null,"_wp_attachment_metadata":null,"_shortpixel_status":null,"wpml_media_processed":null,"_wpml_media_usage":null,"_wp_attachment_image_alt":null,"_wp_attachment_context":null,"_wp_attachment_backup_sizes":null,"_elementor_source_image_hash":null,"_oembed_b724c8f3701c016e7de02dd808e41de4":null,"_elementor_inline_svg":null,"_elementor_is_screenshot":null,"_wp_trash_meta_status":null,"_wp_trash_meta_time":null,"_elementor_template_sub_type":null,"_elementor_global_widget_included_posts":null,"ehf_target_include_locations":null,"ehf_target_exclude_locations":null,"ehf_target_user_roles":null,"ehf_template_type":null,"_generate_element_type":null,"_generate_element_content":null,"_generate_hook":null,"_generate_hook_execute_shortcodes":null,"_generate_element_display_conditions":null,"_menu_item_type":null,"_menu_item_menu_item_parent":null,"_menu_item_object_id":null,"_menu_item_object":null,"_menu_item_target":null,"_menu_item_classes":null,"_menu_item_xfn":null,"_menu_item_url":null,"author_name":null,"author_url":null,"language":null,"profile_photo_url":null,"rating":null,"relative_time_description":null,"text":null,"time":null,"avatar":null,"location_id":null,"eael_transient_elements":null,"rmp_vote_count":null,"rmp_rating_val_sum":null,"rmp_avg_rating":null,"_yoast_wpseo_meta-robots-noindex":null,"mini_desc_producto":null,"_mini_desc_producto":null,"_yoast_wpseo_meta-robots-nofollow":null,"kdmfi_img-search-2":null,"__elementor_forms_snapshot":null,"_yoast_indexnow_last_ping":null,"cwp_meta_box_check":null,"_bsf_post_type":null,"_bsf_item_review_type":null,"_bsf_product_rating":null,"_bsf_product_brand":null,"_bsf_product_name":null,"_bsf_product_image":null,"_bsf_product_price":null,"_bsf_product_cur":null,"_bsf_product_status":null,"post-rating":null,"kdmfi_featured-image-2":null,"_oembed_b822bbc4f1051f2971d6fe17bfa2a3cd":null,"_oembed_time_b822bbc4f1051f2971d6fe17bfa2a3cd":null,"_oembed_11c04eb22848ecba2f93165abaae560a":null,"_oembed_time_11c04eb22848ecba2f93165abaae560a":null,"_yoast_wpseo_opengraph-image":null,"_yoast_wpseo_opengraph-image-id":null,"_oembed_2c10808bb47e4512683a3f183172ee88":null,"_oembed_time_2c10808bb47e4512683a3f183172ee88":null,"_yoast_wpseo_twitter-title":null,"_yoast_wpseo_opengraph-title":null,"_wp_desired_post_slug":null,"_oembed_ae82f5134d1342193a9542c94a59dc4f":null,"_oembed_time_ae82f5134d1342193a9542c94a59dc4f":null,"_yoast_wpseo_estimated-reading-time-minutes":null,"ht_ctc_pagelevel":null,"_yoast_wpseo_opengraph-description":null,"_yoast_wpseo_twitter-image":null,"_yoast_wpseo_twitter-image-id":null,"_yoast_wpseo_twitter-description":null,"":null,"_oembed_93617522f71cfc9690ef33796b1cac31":null,"_oembed_time_93617522f71cfc9690ef33796b1cac31":null,"_oembed_111279a880752503dfa59a0db3ff7ca4":null,"_oembed_time_111279a880752503dfa59a0db3ff7ca4":null,"_icl_lang_duplicate_of":null,"_pingme":"1","_encloseme":"1","_oembed_fa2cfa9b65fec559a04acf50b8298d73":null,"_oembed_time_fa2cfa9b65fec559a04acf50b8298d73":null,"_oembed_1bdbea90428d766dbf5ce37c3bbd9be6":null,"_oembed_time_1bdbea90428d766dbf5ce37c3bbd9be6":null,"_oembed_f3720602412c0964c65ea7ac50068cfa":null,"_oembed_time_f3720602412c0964c65ea7ac50068cfa":null,"_oembed_6ed556928ef5de4a0054a1f61afc3455":null,"_oembed_time_6ed556928ef5de4a0054a1f61afc3455":null,"_oembed_9ac05e44947fb9dfa4352d42ad6ceb73":null,"_oembed_time_9ac05e44947fb9dfa4352d42ad6ceb73":null,"_oembed_de2649a907b3f663b302c37d871759e6":null,"_oembed_time_de2649a907b3f663b302c37d871759e6":null,"_oembed_b794e3e03464c74fff1b2f15c7e22ff1":null,"_oembed_time_b794e3e03464c74fff1b2f15c7e22ff1":null,"_oembed_6694f3c68597f325f58e64b3e0152d22":null,"_oembed_time_6694f3c68597f325f58e64b3e0152d22":null,"_pt_cv_id":null,"_pt_cv_settings":null,"_wpcode_auto_insert":null,"_wpcode_auto_insert_number":null,"_wpcode_library_id":null,"_elementor_controls_usage":null,"_edit_lock":null,"_edit_last":null,"_wpml_word_count":null,"_wpml_media_duplicate":"1","_wpml_media_featured":"1","_alp_processed":null,"_wp_old_slug":null,"_elementor_edit_mode":"builder","_elementor_template_type":"wp-post","_elementor_version":"3.1.4","_elementor_pro_version":null,"_wp_page_template":"elementor_header_footer","_elementor_data":"[{\"id\":\"f70495c\",\"elType\":\"section\",\"settings\":{\"layout\":\"full_width\",\"height\":\"min-height\",\"custom_height\":{\"unit\":\"px\",\"size\":500,\"sizes\":[]},\"background_background\":\"classic\",\"background_image\":{\"url\":\"https:\\\/\\\/naturanda.com\\\/wp-content\\\/uploads\\\/2021\\\/07\\\/que-hacer-en-Madrid.jpg\",\"id\":14685},\"background_position\":\"center left\",\"background_xpos_mobile\":{\"unit\":\"px\",\"size\":-422,\"sizes\":[]},\"background_ypos_mobile\":{\"unit\":\"px\",\"size\":620,\"sizes\":[]},\"background_bg_width_mobile\":{\"unit\":\"px\",\"size\":1000,\"sizes\":[]}},\"elements\":[{\"id\":\"ae34388\",\"elType\":\"column\",\"settings\":{\"_column_size\":100,\"_inline_size\":null},\"elements\":[{\"id\":\"b30ccb6\",\"elType\":\"widget\",\"settings\":{\"title\":\"Cosa vedere e fare a Madrid\",\"header_size\":\"h1\",\"title_color\":\"#FFFFFF\"},\"elements\":[],\"widgetType\":\"heading\"}],\"isInner\":false}],\"isInner\":false},{\"id\":\"cb0fb04\",\"elType\":\"section\",\"settings\":[],\"elements\":[{\"id\":\"17336ad\",\"elType\":\"column\",\"settings\":{\"_column_size\":100,\"_inline_size\":null},\"elements\":[{\"id\":\"abaeeae\",\"elType\":\"widget\",\"settings\":{\"editor\":\"<p>Madrid \\u00e8 una citt\\u00e0 di eleganti viali e grandi parchi reali ben curati. Famosa per le sue ricche collezioni d'arte europea, tra cui opere di Goya, Vel\\u00e1zquez e altri maestri spagnoli, \\u00e8 anche il cuore della Spagna; contando su un bellissimo centro storico, come la Plaza Mayor, e nelle sue vicinanze con monumenti dell'importanza del Palazzo Reale e dell'Armeria.<\\\/p><p>Ma Madrid \\u00e8 anche il mercato domenicale di El Rastro nel quartiere medievale di La Latina, la centralissima Plaza Puerta del Sol con il monumento all'orso e il corbezzolo sullo stemma cittadino, il Museo Archeologico Nazionale con la sua ricca collezione di manufatti e il Santiago Bernab\\u00e9u, lo stadio del Real Madrid.<\\\/p>\"},\"elements\":[],\"widgetType\":\"text-editor\"},{\"id\":\"8ac620a\",\"elType\":\"widget\",\"settings\":{\"title\":\"Cosa fare a Madrid questo fine settimana\"},\"elements\":[],\"widgetType\":\"heading\"},{\"id\":\"39f6d9c\",\"elType\":\"widget\",\"settings\":{\"editor\":\"<p>Non sai cosa fare a Madrid per un weekend? Bene, con Naturanda non ti annoierai, scopri i migliori programmi che puoi fare a Madrid oggi.<\\\/p><p>[pt_view id=\\\"2e4e5e5kph\\\"]<\\\/p>\"},\"elements\":[],\"widgetType\":\"text-editor\"}],\"isInner\":false}],\"isInner\":false},{\"id\":\"4383a5f\",\"elType\":\"section\",\"settings\":[],\"elements\":[{\"id\":\"37efefb\",\"elType\":\"column\",\"settings\":{\"_column_size\":100,\"_inline_size\":null},\"elements\":[{\"id\":\"7c347c1\",\"elType\":\"widget\",\"settings\":{\"title\":\"Cosa vedere a Madrid in un giorno?\",\"title_color\":\"#6AAA6E\"},\"elements\":[],\"widgetType\":\"heading\"}],\"isInner\":false}],\"isInner\":false},{\"id\":\"aa71458\",\"elType\":\"section\",\"settings\":[],\"elements\":[{\"id\":\"d83265f\",\"elType\":\"column\",\"settings\":{\"_column_size\":100,\"_inline_size\":null},\"elements\":[{\"id\":\"6ce7623\",\"elType\":\"widget\",\"settings\":{\"editor\":\"<p>[pt_view id=\\\"cc4e760tzl\\\"]<\\\/p>\"},\"elements\":[],\"widgetType\":\"text-editor\"}],\"isInner\":false}],\"isInner\":false},{\"id\":\"7944766\",\"elType\":\"section\",\"settings\":[],\"elements\":[{\"id\":\"58987eb\",\"elType\":\"column\",\"settings\":{\"_column_size\":100,\"_inline_size\":null},\"elements\":[{\"id\":\"7de5579\",\"elType\":\"widget\",\"settings\":{\"title\":\"Visita Madrid in tre giorni\"},\"elements\":[],\"widgetType\":\"heading\"},{\"id\":\"29c4a81\",\"elType\":\"widget\",\"settings\":{\"editor\":\"<p>Vuoi sapere cosa vedere a Madrid durante le tue prossime vacanze? Se hai intenzione di visitare Madrid, ti mostriamo cosa vedere a Madrid in uno, due e tre giorni. Successivamente, condividiamo con te le sue principali attrazioni turistiche:<\\\/p>\"},\"elements\":[],\"widgetType\":\"text-editor\"}],\"isInner\":false}],\"isInner\":false},{\"id\":\"71d3f98\",\"elType\":\"section\",\"settings\":[],\"elements\":[{\"id\":\"ad3162b\",\"elType\":\"column\",\"settings\":{\"_column_size\":100,\"_inline_size\":null},\"elements\":[{\"id\":\"0c5ff3a\",\"elType\":\"widget\",\"settings\":{\"title\":\"Museo del Prado\"},\"elements\":[],\"widgetType\":\"heading\"}],\"isInner\":false}],\"isInner\":false},{\"id\":\"91a8bde\",\"elType\":\"section\",\"settings\":[],\"elements\":[{\"id\":\"c38074f\",\"elType\":\"column\",\"settings\":{\"_column_size\":100,\"_inline_size\":null},\"elements\":[{\"id\":\"44dd665\",\"elType\":\"widget\",\"settings\":{\"image\":{\"url\":\"https:\\\/\\\/naturanda.com\\\/wp-content\\\/uploads\\\/2021\\\/07\\\/que-hacer-en-Madrid-en-un-dia.jpg\",\"id\":14738},\"caption\":\"Cosa fare a Madrid in un giorno\"},\"elements\":[],\"widgetType\":\"image\"},{\"id\":\"a93b51f\",\"elType\":\"widget\",\"settings\":{\"editor\":\"<p>Il <strong><a href=\\\"https:\\\/\\\/naturanda.com\\\/it\\\/museo-del-prado-di-madrid\\\/\\\">Museo del Prado \\u00e8<\\\/a><\\\/strong> stato inaugurato nel 1819. Durante quel periodo, ha accumulato una collezione senza rivali di dipinti, sculture, stampe, disegni e arti e mestieri che costituiscono la storia dell'arte spagnola e costituiscono una delle migliori collezioni europee al mondo. \\u00c8 uno dei pi\\u00f9 grandi musei del mondo.<\\\/p><p>Il Museo del Prado \\u00e8 ospitato nel classico edificio Villanueva del XVIII secolo sul Paseo del Prado, con i monumenti ai pittori spagnoli Diego Vel\\u00e1zquez e Francisco Goya ai suoi ingressi.<\\\/p><p>Il Museo del Prado \\u00e8 l'ex Museo Reale, basato sull'ex Collezione Reale Spagnola. Fu trasformato nel Museo Nazionale di Pittura e Scultura e successivamente nel Museo Nacional del Prado (Museo del Prado). La collezione \\u00e8 composta da circa 7.600 dipinti, 1.000 sculture, 4.800 stampe e 8.200 disegni e comprende un'ampia raccolta di documenti storici.<\\\/p><p>Ci sono opere di artisti come Bartolom\\u00e9 Bermejo, Pedro Berruguete, S\\u00e1nchez Coello, El Greco, Ribera, Zurbar\\u00e1n, Murillo, Alonso Cano, Vel\\u00e1zquez e Goya.<\\\/p><p>Il Museo del Prado fa rivivere il \\\"Triangolo d'Oro\\\", insieme al Museo Reina Sof\\u00eda (casa \\\"Guernica\\\" di Picasso) e al Museo Thyssen-Bornemisza.<\\\/p>\"},\"elements\":[],\"widgetType\":\"text-editor\"}],\"isInner\":false}],\"isInner\":false},{\"id\":\"03a47fb\",\"elType\":\"section\",\"settings\":[],\"elements\":[{\"id\":\"def0d21\",\"elType\":\"column\",\"settings\":{\"_column_size\":100,\"_inline_size\":null},\"elements\":[{\"id\":\"15f2859\",\"elType\":\"widget\",\"settings\":{\"title\":\"Il palazzo reale di Madrid\"},\"elements\":[],\"widgetType\":\"heading\"}],\"isInner\":false}],\"isInner\":false},{\"id\":\"1264d1b\",\"elType\":\"section\",\"settings\":[],\"elements\":[{\"id\":\"e62293c\",\"elType\":\"column\",\"settings\":{\"_column_size\":100,\"_inline_size\":null},\"elements\":[{\"id\":\"55e0d74\",\"elType\":\"widget\",\"settings\":{\"image\":{\"url\":\"https:\\\/\\\/naturanda.com\\\/wp-content\\\/uploads\\\/2021\\\/07\\\/visitar-Madrid-en-un-dia.jpg\",\"id\":14742},\"caption\":\"Visita Madrid in un giorno\"},\"elements\":[],\"widgetType\":\"image\"}],\"isInner\":false}],\"isInner\":false},{\"id\":\"7417318\",\"elType\":\"section\",\"settings\":[],\"elements\":[{\"id\":\"86e8d94\",\"elType\":\"column\",\"settings\":{\"_column_size\":100,\"_inline_size\":null},\"elements\":[{\"id\":\"9adf2ed\",\"elType\":\"widget\",\"settings\":{\"editor\":\"<p>Il <strong><a href=\\\"https:\\\/\\\/naturanda.com\\\/it\\\/visita-del-palazzo-reale-di-madrid\\\/\\\">Palazzo Reale di Madrid<\\\/a><\\\/strong> (noto anche come Palacio de Oriente) fu costruito nel XVIII secolo da Felipe V Borb\\u00f3n in stile barocco, opera dell'architetto italiano Filippo Juvara. Gli interni del palazzo e dei suoi dintorni rappresentano gli stili rococ\\u00f2 e classicista. Inoltre, il Palazzo Reale di Madrid \\u00e8 una delle residenze ufficiali del Re di Spagna.<\\\/p><p>Il Palacio de Oriente dispone di 2.800 camere, solo alcune delle quali sono aperte ai turisti. Il Palazzo Reale di Madrid merita una visita per le opere inestimabili di Rubens e Vel\\u00e1zquez, nonch\\u00e9 per i mobili, le porcellane, gli strumenti unici o la prima edizione del Don Chisciotte. Le sale reali delizieranno tutti gli intenditori d'arte. I visitatori possono vedere l'armeria reale o la biblioteca. Il primo mercoled\\u00ec del mese dalle 12:00 alle 13:00 \\u00e8 possibile assistere alla cerimonia del cambio della guardia.<\\\/p><p>Ci sono anche giardini nei locali del Palazzo Reale. Sul lato nord i Giardini Sabatini, sul lato ovest i Giardini di Campo del Moro.<\\\/p><p>Il prezzo dei biglietti per il Palazzo Reale di Madrid \\u00e8 di 10 euro per il biglietto normale. Gli orari di apertura del Palazzo Reale di Madrid dipendono dalla stagione, nella stagione invernale dal 10 al 18 marzo e nella stagione estiva dal 10 al 20 settembre.<\\\/p>\"},\"elements\":[],\"widgetType\":\"text-editor\"}],\"isInner\":false}],\"isInner\":false},{\"id\":\"53eee49\",\"elType\":\"section\",\"settings\":[],\"elements\":[{\"id\":\"a34620d\",\"elType\":\"column\",\"settings\":{\"_column_size\":100,\"_inline_size\":null},\"elements\":[{\"id\":\"8982e6f\",\"elType\":\"widget\",\"settings\":{\"title\":\"Parco per la pensione\"},\"elements\":[],\"widgetType\":\"heading\"}],\"isInner\":false}],\"isInner\":false},{\"id\":\"49b7c2c\",\"elType\":\"section\",\"settings\":[],\"elements\":[{\"id\":\"cf23f81\",\"elType\":\"column\",\"settings\":{\"_column_size\":100,\"_inline_size\":null},\"elements\":[{\"id\":\"3105c36\",\"elType\":\"widget\",\"settings\":{\"image\":{\"url\":\"https:\\\/\\\/naturanda.com\\\/wp-content\\\/uploads\\\/2021\\\/07\\\/que-ver-en-Madrid.jpg\",\"id\":14698},\"caption\":\"Cosa vedere a Madrid\"},\"elements\":[],\"widgetType\":\"image\"}],\"isInner\":false}],\"isInner\":false},{\"id\":\"446da17\",\"elType\":\"section\",\"settings\":[],\"elements\":[{\"id\":\"07629ce\",\"elType\":\"column\",\"settings\":{\"_column_size\":100,\"_inline_size\":null},\"elements\":[{\"id\":\"fc8fab7\",\"elType\":\"widget\",\"settings\":{\"editor\":\"<p>Il <a href=\\\"https:\\\/\\\/naturanda.com\\\/it\\\/visita-al-parco-del-buen-retiro-di-madrid\\\/\\\"><strong>Parco del Retiro<\\\/strong><\\\/a> si trova nella parte orientale di Madrid e ha una superficie di 120 ettari. Vale la pena dare un'occhiata dopo aver visitato il vicino Museo del Prado. Nelle vicinanze del Parco del Retiro si trovano anche il Museo Reina Sofia e l'Accademia Reale di Belle Arti di San Fernando.<\\\/p><p>Il parco ha un colonnato semicircolare con una statua di Alfonso XII, sopra uno stagno rettangolare.<\\\/p><p>Il parco era un tempo un giardino reale ed \\u00e8 stato messo a disposizione dei madrileni attraverso e con il permesso di Carlo III.<\\\/p><p>Troviamo inoltre un grande laghetto al centro del parco e informazioni turistiche nella storica Casa del Pescador.<\\\/p><p>Nel parco si pu\\u00f2 ammirare un giardino di rose, magnolie e azalee. Qui crescono 18.000 alberi e 7.000 arbusti, come: pioppi, castagni o sequoie giganti, pini d'Aleppo e perle giapponesi. L'esemplare pi\\u00f9 pregiato \\u00e8 il cipresso messicano, comunemente noto come Moctezuma Tree, piantato nel 1633 ed \\u00e8 considerato l'albero pi\\u00f9 antico di Madrid.<\\\/p><p>Come si addice a un parco reale, abbondano fontane storiche, la maggior parte del XIX secolo, come la Fontana delle Galapagos, decorata con tartarughe, delfini e rane, o la Fontana del carciofo.<\\\/p>\"},\"elements\":[],\"widgetType\":\"text-editor\"}],\"isInner\":false}],\"isInner\":false},{\"id\":\"aeb118a\",\"elType\":\"section\",\"settings\":[],\"elements\":[{\"id\":\"4bd9643\",\"elType\":\"column\",\"settings\":{\"_column_size\":100,\"_inline_size\":null},\"elements\":[{\"id\":\"5c0ac17\",\"elType\":\"widget\",\"settings\":{\"title\":\"Porta del Sole\"},\"elements\":[],\"widgetType\":\"heading\"}],\"isInner\":false}],\"isInner\":false},{\"id\":\"6b0be8f\",\"elType\":\"section\",\"settings\":[],\"elements\":[{\"id\":\"1047024\",\"elType\":\"column\",\"settings\":{\"_column_size\":100,\"_inline_size\":null},\"elements\":[{\"id\":\"7135441\",\"elType\":\"widget\",\"settings\":{\"image\":{\"url\":\"https:\\\/\\\/naturanda.com\\\/wp-content\\\/uploads\\\/2021\\\/07\\\/que-ver-en-Madrid-un-fin-de-semana.jpg\",\"id\":14702},\"caption\":\"Cosa vedere a Madrid in un fine settimana\"},\"elements\":[],\"widgetType\":\"image\"}],\"isInner\":false}],\"isInner\":false},{\"id\":\"119f42e\",\"elType\":\"section\",\"settings\":[],\"elements\":[{\"id\":\"199790f\",\"elType\":\"column\",\"settings\":{\"_column_size\":100,\"_inline_size\":null},\"elements\":[{\"id\":\"1e7f722\",\"elType\":\"widget\",\"settings\":{\"editor\":\"<p>Questa \\u00e8 una delle piazze principali di Madrid. Riconosciuto come il centro della capitale stessa, ma anche di tutta la Spagna! La piazza ospita la famosa statua di un orso che si arrampica su un corbezzolo, considerato un simbolo di Madrid. La seconda statua famosa \\u00e8 la statua di Carlo III a cavallo, il Principe di Parma e il Re di Napoli.<\\\/p><p>Vedremo anche l'edificio del Real Correos (ufficio postale), che attualmente \\u00e8 nelle mani del Ministero dell'Interno. Qui si tengono le riunioni del Consiglio della Provincia Autonoma di Madrid e varie manifestazioni.<\\\/p><p>Come si conviene alla piazza principale della citt\\u00e0, Madrid deve avere un orologio. L'orologio Puerta del Sol \\u00e8 stato creato dall'orologiaio reale Jos\\u00e9 Rodrigez Losad. Fu aperto nel 1866 dalla regina Elisabetta II.<\\\/p><p>Inoltre, a Puerta del Sol a Madrid, c'\\u00e8 un punto \\\"zero\\\", o \\\"chilometro zero\\\", che determina la lunghezza della strada verso altre destinazioni spagnole, come Valencia, Andalusia o Catalogna.<\\\/p><p>Puoi raggiungere Plaza de la Puerta del Sol in metropolitana, poich\\u00e9 \\u00e8 qui che \\u00e8 stata aperta la prima linea della metropolitana nel 1919.<\\\/p>\"},\"elements\":[],\"widgetType\":\"text-editor\"}],\"isInner\":false}],\"isInner\":false},{\"id\":\"2945465\",\"elType\":\"section\",\"settings\":[],\"elements\":[{\"id\":\"d9723dd\",\"elType\":\"column\",\"settings\":{\"_column_size\":100,\"_inline_size\":null},\"elements\":[{\"id\":\"dc121a5\",\"elType\":\"widget\",\"settings\":{\"title\":\"Piazza principale\"},\"elements\":[],\"widgetType\":\"heading\"}],\"isInner\":false}],\"isInner\":false},{\"id\":\"bf9fed7\",\"elType\":\"section\",\"settings\":[],\"elements\":[{\"id\":\"819a1bc\",\"elType\":\"column\",\"settings\":{\"_column_size\":100,\"_inline_size\":null},\"elements\":[{\"id\":\"98fc1b4\",\"elType\":\"widget\",\"settings\":{\"image\":{\"url\":\"https:\\\/\\\/naturanda.com\\\/wp-content\\\/uploads\\\/2021\\\/07\\\/ver-Madrid-1-dia.jpg\",\"id\":14746},\"caption\":\"Vedi Madrid 1 giorno\"},\"elements\":[],\"widgetType\":\"image\"}],\"isInner\":false}],\"isInner\":false},{\"id\":\"d076e79\",\"elType\":\"section\",\"settings\":[],\"elements\":[{\"id\":\"1ab836a\",\"elType\":\"column\",\"settings\":{\"_column_size\":100,\"_inline_size\":null},\"elements\":[{\"id\":\"bf5422e\",\"elType\":\"widget\",\"settings\":{\"editor\":\"<p>La Plaza Mayor di Madrid \\u00e8 un'altra famosa piazza della capitale spagnola. \\u00c8 caratterizzato da una pianta rettangolare di circa 120 x 90 metri, e da edifici a tre piani con 237 balconi situati all'interno della piazza. Ci sono caff\\u00e8 e ristoranti suggestivi negli edifici e ogni domenica c'\\u00e8 un mercato da collezione per gli appassionati di francobolli vintage, cartoline, monete e riviste.<\\\/p><p>Nel medioevo era una piazza del mercato alla periferia della citt\\u00e0. Acquist\\u00f2 importanza dopo che Filippo II si trasfer\\u00ec dalla capitale a Madrid, quando divenne luogo di celebrazioni e incontri pubblici.<\\\/p><p>La Plaza Mayor ha visto nella sua storia esecuzioni pubbliche, recinti, incoronazioni di re, spettacoli teatrali e numerosi incendi di case popolari situate nelle vicinanze.<\\\/p>\"},\"elements\":[],\"widgetType\":\"text-editor\"}],\"isInner\":false}],\"isInner\":false},{\"id\":\"4ffb9fd\",\"elType\":\"section\",\"settings\":[],\"elements\":[{\"id\":\"2fb0e7b\",\"elType\":\"column\",\"settings\":{\"_column_size\":100,\"_inline_size\":null},\"elements\":[{\"id\":\"71613e2\",\"elType\":\"widget\",\"settings\":{\"title\":\"Gran Via\"},\"elements\":[],\"widgetType\":\"heading\"}],\"isInner\":false}],\"isInner\":false},{\"id\":\"8038ffb\",\"elType\":\"section\",\"settings\":[],\"elements\":[{\"id\":\"702cdd0\",\"elType\":\"column\",\"settings\":{\"_column_size\":100,\"_inline_size\":null},\"elements\":[{\"id\":\"f530060\",\"elType\":\"widget\",\"settings\":{\"image\":{\"url\":\"https:\\\/\\\/naturanda.com\\\/wp-content\\\/uploads\\\/2021\\\/07\\\/visitar-Madrid.png\",\"id\":14706},\"image_size\":\"full\",\"caption\":\"Visita Madrid\"},\"elements\":[],\"widgetType\":\"image\"}],\"isInner\":false}],\"isInner\":false},{\"id\":\"15488f2\",\"elType\":\"section\",\"settings\":[],\"elements\":[{\"id\":\"fe7ce63\",\"elType\":\"column\",\"settings\":{\"_column_size\":100,\"_inline_size\":null},\"elements\":[{\"id\":\"2824a78\",\"elType\":\"widget\",\"settings\":{\"editor\":\"<p>La Gran V\\u00eda di Madrid \\u00e8 una delle strade principali e pi\\u00f9 famose di tutta la Spagna. Si tratta di una vetrina e di vie rappresentative della capitale. La strada ha molti negozi, cinema, teatri, ristoranti e hotel. \\u00c8 un popolare luogo di ritrovo, centro culturale e turistico della capitale.<\\\/p>\"},\"elements\":[],\"widgetType\":\"text-editor\"}],\"isInner\":false}],\"isInner\":false},{\"id\":\"6eee7d7\",\"elType\":\"section\",\"settings\":[],\"elements\":[{\"id\":\"0d6df89\",\"elType\":\"column\",\"settings\":{\"_column_size\":100,\"_inline_size\":null},\"elements\":[{\"id\":\"151014e\",\"elType\":\"widget\",\"settings\":{\"title\":\"Piazza di Spagna Madrid\"},\"elements\":[],\"widgetType\":\"heading\"}],\"isInner\":false}],\"isInner\":false},{\"id\":\"d10f1e3\",\"elType\":\"section\",\"settings\":[],\"elements\":[{\"id\":\"3043f03\",\"elType\":\"column\",\"settings\":{\"_column_size\":100,\"_inline_size\":null},\"elements\":[{\"id\":\"4be0ff5\",\"elType\":\"widget\",\"settings\":{\"image\":{\"url\":\"https:\\\/\\\/naturanda.com\\\/wp-content\\\/uploads\\\/2021\\\/07\\\/cosas-que-hacer-en-Madrid-en-verano.jpg\",\"id\":14750},\"caption\":\"Cose da fare a Madrid in estate\"},\"elements\":[],\"widgetType\":\"image\"}],\"isInner\":false}],\"isInner\":false},{\"id\":\"b012c79\",\"elType\":\"section\",\"settings\":[],\"elements\":[{\"id\":\"8a720ce\",\"elType\":\"column\",\"settings\":{\"_column_size\":100,\"_inline_size\":null},\"elements\":[{\"id\":\"762fb29\",\"elType\":\"widget\",\"settings\":{\"editor\":\"<p>La Plaza de Espa\\u00f1a di Madrid \\u00e8 una delle piazze pi\\u00f9 rappresentative di Madrid. Si trova vicino al Palazzo Reale. In precedenza, fungeva da sito di una guarnigione militare. Alla fine del XIX e XX secolo la piazza acquis\\u00ec un carattere civile e rappresentativo. Nella Plaza de Espa\\u00f1a sono stati costruiti edifici governativi, sedi commerciali e case residenziali.<\\\/p><p>Gli edifici pi\\u00f9 caratteristici sono il grattacielo di 26 piani, con una piscina su uno dei piani pi\\u00f9 alti dell'Edificio de Espa\\u00f1a del 1948, e la Torre de Madrid di 37 piani del 1957.<\\\/p><p>Nella piazza c'\\u00e8 una statua di Miguel Cervantes, autore del Don Chisciotte, e nel Palazzo Reale si pu\\u00f2 vedere la copia originale della prima edizione.<\\\/p>\"},\"elements\":[],\"widgetType\":\"text-editor\"}],\"isInner\":false}],\"isInner\":false},{\"id\":\"6a17492\",\"elType\":\"section\",\"settings\":[],\"elements\":[{\"id\":\"c4249db\",\"elType\":\"column\",\"settings\":{\"_column_size\":100,\"_inline_size\":null},\"elements\":[{\"id\":\"90f31c7\",\"elType\":\"widget\",\"settings\":{\"title\":\"Cattedrale dell'Almudena\"},\"elements\":[],\"widgetType\":\"heading\"}],\"isInner\":false}],\"isInner\":false},{\"id\":\"fdaedf5\",\"elType\":\"section\",\"settings\":[],\"elements\":[{\"id\":\"17f76af\",\"elType\":\"column\",\"settings\":{\"_column_size\":100,\"_inline_size\":null},\"elements\":[{\"id\":\"189225e\",\"elType\":\"widget\",\"settings\":{\"image\":{\"url\":\"https:\\\/\\\/naturanda.com\\\/wp-content\\\/uploads\\\/2021\\\/07\\\/visitar-Madrid-en-3-dias.jpg\",\"id\":14710},\"caption\":\"Visita Madrid in 3 giorni\"},\"elements\":[],\"widgetType\":\"image\"}],\"isInner\":false}],\"isInner\":false},{\"id\":\"9b15df2\",\"elType\":\"section\",\"settings\":[],\"elements\":[{\"id\":\"9b39383\",\"elType\":\"column\",\"settings\":{\"_column_size\":100,\"_inline_size\":null},\"elements\":[{\"id\":\"794d9ef\",\"elType\":\"widget\",\"settings\":{\"editor\":\"<p>La Cattedrale dell'Almudena o Catedral de Nuestra Se\\u00f1ora de la Almudena \\u00e8 la principale cattedrale cattolica romana di Madrid. La cattedrale \\u00e8 un edificio relativamente giovane, risalente al XIX secolo, e la sua costruzione \\u00e8 stata completata nel 1993.<\\\/p><p>Tenendo conto della vicinanza del Palazzo Reale, la cattedrale fu edificata in stile neoclassico, mentre l'interno in stile neogotico, la cripta in stile neoromanico.<\\\/p>\"},\"elements\":[],\"widgetType\":\"text-editor\"}],\"isInner\":false}],\"isInner\":false},{\"id\":\"6f0f671\",\"elType\":\"section\",\"settings\":[],\"elements\":[{\"id\":\"cc07e3b\",\"elType\":\"column\",\"settings\":{\"_column_size\":100,\"_inline_size\":null},\"elements\":[{\"id\":\"fbb70eb\",\"elType\":\"widget\",\"settings\":{\"title\":\"Tempio di Debod\"},\"elements\":[],\"widgetType\":\"heading\"}],\"isInner\":false}],\"isInner\":false},{\"id\":\"a644252\",\"elType\":\"section\",\"settings\":[],\"elements\":[{\"id\":\"ca49d92\",\"elType\":\"column\",\"settings\":{\"_column_size\":100,\"_inline_size\":null},\"elements\":[{\"id\":\"295cf08\",\"elType\":\"widget\",\"settings\":{\"image\":{\"url\":\"https:\\\/\\\/naturanda.com\\\/wp-content\\\/uploads\\\/2021\\\/07\\\/que-hacer-en-Madrid-en-dos-dias.jpg\",\"id\":14734},\"caption\":\"Cosa fare a Madrid in due giorni\"},\"elements\":[],\"widgetType\":\"image\"}],\"isInner\":false}],\"isInner\":false},{\"id\":\"3369e9a\",\"elType\":\"section\",\"settings\":[],\"elements\":[{\"id\":\"849f2d3\",\"elType\":\"column\",\"settings\":{\"_column_size\":100,\"_inline_size\":null},\"elements\":[{\"id\":\"7d2b239\",\"elType\":\"widget\",\"settings\":{\"editor\":\"<p>Antico tempio egizio a Madrid? Potrebbe non essere un tipico monumento di Madrid, perch\\u00e9 non \\u00e8 legato alla capitale spagnola in alcun modo storico, ma a parte questo fatto, \\u00e8 sicuramente un'importante attrazione di Madrid. Il Tempio di Debod \\u00e8 stato portato dall'Egitto come dono per l'aiuto fornito in passato dalla Spagna.<br>Il tempio di Debod ha 2.200 anni e la sua posizione originale \\u00e8 Debod sul Nilo. Il tempio ha diverse stanze, la pi\\u00f9 importante delle quali \\u00e8 la cappella decorata con rilievi, che si \\u00e8 conservata nel suo stato originale. \\u00c8 la parte pi\\u00f9 antica del tempio.<br>Fu ricostruito nel Parque de la Monta\\u00f1a di Madrid, sul fiume Manzanares, vicino al Palazzo Reale. Da qui si ha una bellissima vista su Casa de Campo, il pi\\u00f9 grande parco urbano di Madrid. Il tempio \\u00e8 particolarmente suggestivo la sera, quando \\u00e8 illuminato e l'acqua ne riflette i contorni.<\\\/p>\"},\"elements\":[],\"widgetType\":\"text-editor\"}],\"isInner\":false}],\"isInner\":false},{\"id\":\"ac2f88a\",\"elType\":\"section\",\"settings\":[],\"elements\":[{\"id\":\"66fad16\",\"elType\":\"column\",\"settings\":{\"_column_size\":100,\"_inline_size\":null},\"elements\":[{\"id\":\"65e0635\",\"elType\":\"widget\",\"settings\":{\"title\":\"Porta Alcal\\u00e0\"},\"elements\":[],\"widgetType\":\"heading\"}],\"isInner\":false}],\"isInner\":false},{\"id\":\"da001bb\",\"elType\":\"section\",\"settings\":[],\"elements\":[{\"id\":\"372b191\",\"elType\":\"column\",\"settings\":{\"_column_size\":100,\"_inline_size\":null},\"elements\":[{\"id\":\"0dc90fc\",\"elType\":\"widget\",\"settings\":{\"image\":{\"url\":\"https:\\\/\\\/naturanda.com\\\/wp-content\\\/uploads\\\/2021\\\/07\\\/que-hacer-en-Madrid-este-fin-de-semana.jpg\",\"id\":14714},\"caption\":\"Cosa fare a Madrid questo fine settimana\"},\"elements\":[],\"widgetType\":\"image\"}],\"isInner\":false}],\"isInner\":false},{\"id\":\"b3e9471\",\"elType\":\"section\",\"settings\":[],\"elements\":[{\"id\":\"79fbf38\",\"elType\":\"column\",\"settings\":{\"_column_size\":100,\"_inline_size\":null},\"elements\":[{\"id\":\"090ce58\",\"elType\":\"widget\",\"settings\":{\"editor\":\"<p>La Puerta de Alcal\\u00e1 \\u00e8 la porta orientale delle mura della citt\\u00e0 vecchia, situata nell'attuale Plaza de la Independencia a Madrid. L'enorme cancello era in granito e fu progettato da Francesco Sabatini, per volere del re Carlo III. La porta \\u00e8 decorata con intagli in marmo bianco. Ci sono cinque ingressi nella crusca, decorati con archi. La parte centrale della Puerta de Alcal\\u00e1 \\u00e8 decorata con una lastra di pietra che commemora l'anno di costruzione 1778 e il re, con uno scudo e uno stemma che rappresentano la Fama e il Genio che brandiscono armi.<\\\/p>\"},\"elements\":[],\"widgetType\":\"text-editor\"}],\"isInner\":false}],\"isInner\":false},{\"id\":\"2d40beb\",\"elType\":\"section\",\"settings\":[],\"elements\":[{\"id\":\"20c97e0\",\"elType\":\"column\",\"settings\":{\"_column_size\":100,\"_inline_size\":null},\"elements\":[{\"id\":\"edc811c\",\"elType\":\"widget\",\"settings\":{\"title\":\"Plaza de Cibeles\"},\"elements\":[],\"widgetType\":\"heading\"}],\"isInner\":false}],\"isInner\":false},{\"id\":\"7454377\",\"elType\":\"section\",\"settings\":[],\"elements\":[{\"id\":\"207e9d7\",\"elType\":\"column\",\"settings\":{\"_column_size\":100,\"_inline_size\":null},\"elements\":[{\"id\":\"82051da\",\"elType\":\"widget\",\"settings\":{\"image\":{\"url\":\"https:\\\/\\\/naturanda.com\\\/wp-content\\\/uploads\\\/2021\\\/07\\\/que-ver-en-Madrid-en-un-dia.jpg\",\"id\":14718},\"caption\":\"Cosa vedere a Madrid in un giorno\"},\"elements\":[],\"widgetType\":\"image\"}],\"isInner\":false}],\"isInner\":false},{\"id\":\"96f8686\",\"elType\":\"section\",\"settings\":[],\"elements\":[{\"id\":\"9bbff11\",\"elType\":\"column\",\"settings\":{\"_column_size\":100,\"_inline_size\":null},\"elements\":[{\"id\":\"2427ea5\",\"elType\":\"widget\",\"settings\":{\"editor\":\"<p>Plaza de Cibeles \\u00e8 una piazza con la famosa fontana da cartolina di Madrid, dove si celebrano i successi sportivi di varie squadre, cos\\u00ec come la squadra di calcio. In effetti, la piazza \\u00e8 una rotonda trafficata ed \\u00e8 l'incrocio pi\\u00f9 fotografato di Madrid e della Spagna. Il nome della piazza deriva dalla Fuente de Cibeles, una fontana con la statua della dea frigia Cibeles, considerata il biglietto da visita. La piazza ospita anche l'ufficio postale principale del Palazzo delle Comunicazioni. Dal 2007 l'edificio \\u00e8 sede del governo cittadino e del sindaco di Madrid.<\\\/p>\"},\"elements\":[],\"widgetType\":\"text-editor\"}],\"isInner\":false}],\"isInner\":false},{\"id\":\"e39560b\",\"elType\":\"section\",\"settings\":[],\"elements\":[{\"id\":\"e872565\",\"elType\":\"column\",\"settings\":{\"_column_size\":100,\"_inline_size\":null},\"elements\":[{\"id\":\"8809a90\",\"elType\":\"widget\",\"settings\":{\"title\":\"Stadio Santiago Bernab\\u00e9u\"},\"elements\":[],\"widgetType\":\"heading\"}],\"isInner\":false}],\"isInner\":false},{\"id\":\"1a6e0ef\",\"elType\":\"section\",\"settings\":[],\"elements\":[{\"id\":\"000a052\",\"elType\":\"column\",\"settings\":{\"_column_size\":100,\"_inline_size\":null},\"elements\":[{\"id\":\"4f8c14a\",\"elType\":\"widget\",\"settings\":{\"image\":{\"url\":\"https:\\\/\\\/naturanda.com\\\/wp-content\\\/uploads\\\/2021\\\/07\\\/que-ver-en-Madrid-en-tres-dias.jpg\",\"id\":14730},\"caption\":\"Cosa vedere a Madrid in tre giorni\"},\"elements\":[],\"widgetType\":\"image\"}],\"isInner\":false}],\"isInner\":false},{\"id\":\"0109da9\",\"elType\":\"section\",\"settings\":[],\"elements\":[{\"id\":\"97a871b\",\"elType\":\"column\",\"settings\":{\"_column_size\":100,\"_inline_size\":null},\"elements\":[{\"id\":\"e9170cf\",\"elType\":\"widget\",\"settings\":{\"editor\":\"<p>Lo stadio di calcio del Real Madrid \\u00e8, senza dubbio, una vera delizia per gli appassionati di calcio. \\u00c8 il quartier generale del Real Madrid e vi gioca anche la nazionale spagnola. Inoltre, lo stadio ha una propria stazione della metropolitana, Estaci\\u00f3n de Santiago Bernab\\u00e9u, attraverso la quale passa la linea 10.<\\\/p>\"},\"elements\":[],\"widgetType\":\"text-editor\"}],\"isInner\":false}],\"isInner\":false},{\"id\":\"8eefdde\",\"elType\":\"section\",\"settings\":[],\"elements\":[{\"id\":\"6f9fda1\",\"elType\":\"column\",\"settings\":{\"_column_size\":100,\"_inline_size\":null},\"elements\":[{\"id\":\"139abfe\",\"elType\":\"widget\",\"settings\":{\"title\":\"Villetta\"},\"elements\":[],\"widgetType\":\"heading\"}],\"isInner\":false}],\"isInner\":false},{\"id\":\"22b1c0b\",\"elType\":\"section\",\"settings\":[],\"elements\":[{\"id\":\"90657d4\",\"elType\":\"column\",\"settings\":{\"_column_size\":100,\"_inline_size\":null},\"elements\":[{\"id\":\"e971e6b\",\"elType\":\"widget\",\"settings\":{\"image\":{\"url\":\"https:\\\/\\\/naturanda.com\\\/wp-content\\\/uploads\\\/2021\\\/07\\\/que-hacer-hoy-en-Madrid-al-aire-libre.jpg\",\"id\":14722},\"image_size\":\"full\",\"caption\":\"Cosa fare oggi a Madrid all'aperto\"},\"elements\":[],\"widgetType\":\"image\"}],\"isInner\":false}],\"isInner\":false},{\"id\":\"4b44126\",\"elType\":\"section\",\"settings\":[],\"elements\":[{\"id\":\"874d664\",\"elType\":\"column\",\"settings\":{\"_column_size\":100,\"_inline_size\":null},\"elements\":[{\"id\":\"94458ab\",\"elType\":\"widget\",\"settings\":{\"editor\":\"<p>Casa de Campo \\u00e8 il parco pi\\u00f9 grande di Madrid. La sua superficie \\u00e8 di 1700 ettari. Un tempo era una riserva di caccia reale. Nel parco si trova il Parque de Atracciones de Madrid, che \\u00e8 un enorme parco divertimenti con varie attrazioni come: montagne russe, giostre, una funivia e l'Acquario Zoo di Madrid, cio\\u00e8 uno zoo. Inoltre, la funivia da Aleja Pintor Rosales al Parque Casa de Campo \\u00e8 una delle attrazioni di Madrid.<\\\/p><p>Nel Parco Casa de Campo puoi fare un giro in barca su un enorme lago artificiale. Il parco \\u00e8 un luogo di riposo e relax per residenti e turisti che si prendono una pausa dalla visita dei monumenti classici di Madrid. Dal parco si pu\\u00f2 ammirare il panorama di Madrid, dai numerosi belvedere che qui si trovano.<\\\/p><p>Allo stesso modo, questo parco dispone di ristoranti, aree picnic, panchine e parchi giochi per bambini.<\\\/p>\"},\"elements\":[],\"widgetType\":\"text-editor\"}],\"isInner\":false}],\"isInner\":false},{\"id\":\"e1ae99e\",\"elType\":\"section\",\"settings\":[],\"elements\":[{\"id\":\"2014f8a\",\"elType\":\"column\",\"settings\":{\"_column_size\":100,\"_inline_size\":null},\"elements\":[{\"id\":\"36c2d5e\",\"elType\":\"widget\",\"settings\":{\"title\":\"Plaza de Oriente, Madrid\"},\"elements\":[],\"widgetType\":\"heading\"}],\"isInner\":false}],\"isInner\":false},{\"id\":\"8f13313\",\"elType\":\"section\",\"settings\":[],\"elements\":[{\"id\":\"30ad1fb\",\"elType\":\"column\",\"settings\":{\"_column_size\":100,\"_inline_size\":null},\"elements\":[{\"id\":\"f430624\",\"elType\":\"widget\",\"settings\":{\"image\":{\"url\":\"https:\\\/\\\/naturanda.com\\\/wp-content\\\/uploads\\\/2021\\\/07\\\/que-hacer-en-la-comunidad-de-Madrid.jpg\",\"id\":14726},\"caption\":\"Cosa fare nella Comunit\\u00e0 di Madrid\"},\"elements\":[],\"widgetType\":\"image\"}],\"isInner\":false}],\"isInner\":false},{\"id\":\"8a42f29\",\"elType\":\"section\",\"settings\":[],\"elements\":[{\"id\":\"5744fa5\",\"elType\":\"column\",\"settings\":{\"_column_size\":100,\"_inline_size\":null},\"elements\":[{\"id\":\"30ca57d\",\"elType\":\"widget\",\"settings\":{\"editor\":\"<p>La Plaza de Oriente \\u00e8 una piazza nel centro storico di Madrid. La piazza ha forma rettangolare e carattere monumentale. Fu progettato nel 1844 da Narciso Pascual y Colomer. Diversi importanti monumenti di Madrid si trovano vicino alla piazza, come: il Palazzo Reale a ovest, il Teatro Reale a est e il Royal Monasterio de la Encarnaci\\u00f3n a nord.<\\\/p><p>La statua di Felipe IV si trova al centro di Plaza de Oriente. In Plaza de Oriente puoi passeggiare tra cespugli e alberi in giardini semicircolari e apprezzare varie statue di re spagnoli del Medioevo.<\\\/p>\"},\"elements\":[],\"widgetType\":\"text-editor\"}],\"isInner\":false}],\"isInner\":false},{\"id\":\"61a0e00\",\"elType\":\"section\",\"settings\":[],\"elements\":[{\"id\":\"5683d20\",\"elType\":\"column\",\"settings\":{\"_column_size\":100,\"_inline_size\":null},\"elements\":[{\"id\":\"bebb011\",\"elType\":\"widget\",\"settings\":{\"title\":\"Mercato di San Michele\"},\"elements\":[],\"widgetType\":\"heading\"}],\"isInner\":false}],\"isInner\":false},{\"id\":\"d7bc10f\",\"elType\":\"section\",\"settings\":[],\"elements\":[{\"id\":\"73fc527\",\"elType\":\"column\",\"settings\":{\"_column_size\":100,\"_inline_size\":null},\"elements\":[{\"id\":\"93d0546\",\"elType\":\"widget\",\"settings\":{\"editor\":\"<p>Proprio accanto a Plaza Mayor si trova il famoso Mercado de San Miguel di Madrid. Una delle fiere pi\\u00f9 famose (se non la pi\\u00f9) in Spagna.<\\\/p><p>Il mercato Mercado de San Miguel \\u00e8 una vera esperienza culinaria della Spagna. Qui assaggerai il tradizionale prosciutto essiccato, il formaggio Manchego, la paella, i frutti di mare, le tapas, la frutta e la verdura, oltre a vini e liquori. Il secondo mercato famoso di Madrid \\u00e8 il Mercado de San Ant\\u00f3n. Per gli amanti della gastronomia si consiglia una visita guidata e una degustazione di tapas.<\\\/p>\"},\"elements\":[],\"widgetType\":\"text-editor\"}],\"isInner\":false}],\"isInner\":false},{\"id\":\"7e418ba\",\"elType\":\"section\",\"settings\":[],\"elements\":[{\"id\":\"582aff1\",\"elType\":\"column\",\"settings\":{\"_column_size\":100,\"_inline_size\":null},\"elements\":[{\"id\":\"c42e7dc\",\"elType\":\"widget\",\"settings\":{\"title\":\"Sommario\",\"exclude_headings_by_selector\":[]},\"elements\":[],\"widgetType\":\"table-of-contents\"}],\"isInner\":false}],\"isInner\":false}]","_elementor_page_assets":{"styles":["widget-heading","widget-image","widget-table-of-contents"],"scripts":["elementor-frontend"]},"_elementor_css":{"time":1777034937,"fonts":[],"icons":["fa-solid"],"dynamic_elements_ids":[],"status":"file","0":""},"_elementor_conditions":null,"_elementor_page_settings":null,"_wpml_location_migration_done":null,"_last_translation_edit_mode":"translation-editor","_elementor_source":null,"_elementor_popup_display_settings":null,"_wpml_media_has_media":null,"_elementor_template_widget_type":"","_top_nav_excluded":"","_cms_nav_minihome":"","_elementor_screenshot_failed":null,"_elementor_screenshot":null,"_yoast_wpseo_content_score":null,"_yoast_wpseo_focuskeywords":"","_yoast_wpseo_keywordsynonyms":null,"_wpml_post_translation_editor_native":null,"_wp_old_date":null,"_yoast_wpseo_title":"Cosa vedere e fare a Madrid oggi o questo fine settimana \/ Visita Madrid","_yoast_wpseo_metadesc":"I migliori programmi da fare a Madrid in uno, due e tre giorni. Non puoi perderli se vieni a visitare Madrid. Per tutti, famiglia, bambini e amici.","_yoast_wpseo_primary_category":"949","_thumbnail_id":"14685","_dp_original":null,"_yoast_wpseo_focuskw":null,"_yoast_wpseo_linkdex":null,"_oembed_f90dc38d10d6c0aa040151714b21eab8":null,"_oembed_time_f90dc38d10d6c0aa040151714b21eab8":null,"_oembed_b34174a84ea85570ff1fde65c85ff3e0":null,"_oembed_time_b34174a84ea85570ff1fde65c85ff3e0":null,"yoast_head":"<!-- This site is optimized with the Yoast SEO Premium plugin v27.3 (Yoast SEO v27.3) - https:\/\/yoast.com\/product\/yoast-seo-premium-wordpress\/ -->\n<title>Cosa vedere e fare a Madrid oggi o questo fine settimana \/ Visita Madrid<\/title>\n<meta name=\"description\" content=\"I migliori programmi da fare a Madrid in uno, due e tre giorni. Non puoi perderli se vieni a visitare Madrid. Per tutti, famiglia, bambini e amici.\" \/>\n<meta name=\"robots\" content=\"index, follow, max-snippet:-1, max-image-preview:large, max-video-preview:-1\" \/>\n<link rel=\"canonical\" href=\"https:\/\/naturanda.com\/que-ver-y-que-hacer-en-madrid\/\" \/>\n<meta property=\"og:locale\" content=\"it_IT\" \/>\n<meta property=\"og:type\" content=\"article\" \/>\n<meta property=\"og:title\" content=\"Cosa vedere e fare a Madrid\" \/>\n<meta property=\"og:description\" content=\"I migliori programmi da fare a Madrid in uno, due e tre giorni. Non puoi perderli se vieni a visitare Madrid. Per tutti, famiglia, bambini e amici.\" \/>\n<meta property=\"og:url\" content=\"https:\/\/naturanda.com\/que-ver-y-que-hacer-en-madrid\/\" \/>\n<meta property=\"og:site_name\" content=\"Naturanda\" \/>\n<meta property=\"article:publisher\" content=\"https:\/\/www.facebook.com\/naturandaturismo\/\" \/>\n<meta property=\"article:published_time\" content=\"2022-04-13T11:11:40+00:00\" \/>\n<meta property=\"article:modified_time\" content=\"2022-04-13T11:11:54+00:00\" \/>\n<meta property=\"og:image\" content=\"https:\/\/naturanda.com\/wp-content\/uploads\/2021\/07\/que-hacer-en-Madrid.jpg\" \/>\n\t<meta property=\"og:image:width\" content=\"1920\" \/>\n\t<meta property=\"og:image:height\" content=\"741\" \/>\n\t<meta property=\"og:image:type\" content=\"image\/jpeg\" \/>\n<meta name=\"author\" content=\"David\" \/>\n<meta name=\"twitter:card\" content=\"summary_large_image\" \/>\n<meta name=\"twitter:creator\" content=\"@naturanda\" \/>\n<meta name=\"twitter:site\" content=\"@naturanda\" \/>\n<script type=\"application\/ld+json\" class=\"yoast-schema-graph\">{\"@context\":\"https:\\\/\\\/schema.org\",\"@graph\":[{\"@type\":\"Article\",\"@id\":\"https:\\\/\\\/naturanda.com\\\/que-ver-y-que-hacer-en-madrid\\\/#article\",\"isPartOf\":{\"@id\":\"https:\\\/\\\/naturanda.com\\\/que-ver-y-que-hacer-en-madrid\\\/\"},\"author\":{\"name\":\"David\",\"@id\":\"https:\\\/\\\/naturanda.com\\\/#\\\/schema\\\/person\\\/a44aaf8721f30d5e0681613191f1e222\"},\"headline\":\"Cosa vedere e fare a Madrid\",\"datePublished\":\"2022-04-13T11:11:40+00:00\",\"dateModified\":\"2022-04-13T11:11:54+00:00\",\"mainEntityOfPage\":{\"@id\":\"https:\\\/\\\/naturanda.com\\\/que-ver-y-que-hacer-en-madrid\\\/\"},\"wordCount\":2074,\"publisher\":{\"@id\":\"https:\\\/\\\/naturanda.com\\\/#organization\"},\"image\":{\"@id\":\"https:\\\/\\\/naturanda.com\\\/que-ver-y-que-hacer-en-madrid\\\/#primaryimage\"},\"thumbnailUrl\":\"https:\\\/\\\/naturanda.com\\\/wp-content\\\/uploads\\\/2021\\\/07\\\/que-hacer-en-Madrid.jpg\",\"articleSection\":[\"Madrid\"],\"inLanguage\":\"it-IT\"},{\"@type\":\"WebPage\",\"@id\":\"https:\\\/\\\/naturanda.com\\\/que-ver-y-que-hacer-en-madrid\\\/\",\"url\":\"https:\\\/\\\/naturanda.com\\\/que-ver-y-que-hacer-en-madrid\\\/\",\"name\":\"Cosa vedere e fare a Madrid oggi o questo fine settimana \\\/ Visita Madrid\",\"isPartOf\":{\"@id\":\"https:\\\/\\\/naturanda.com\\\/#website\"},\"primaryImageOfPage\":{\"@id\":\"https:\\\/\\\/naturanda.com\\\/que-ver-y-que-hacer-en-madrid\\\/#primaryimage\"},\"image\":{\"@id\":\"https:\\\/\\\/naturanda.com\\\/que-ver-y-que-hacer-en-madrid\\\/#primaryimage\"},\"thumbnailUrl\":\"https:\\\/\\\/naturanda.com\\\/wp-content\\\/uploads\\\/2021\\\/07\\\/que-hacer-en-Madrid.jpg\",\"datePublished\":\"2022-04-13T11:11:40+00:00\",\"dateModified\":\"2022-04-13T11:11:54+00:00\",\"description\":\"I migliori programmi da fare a Madrid in uno, due e tre giorni. Non puoi perderli se vieni a visitare Madrid. Per tutti, famiglia, bambini e amici.\",\"breadcrumb\":{\"@id\":\"https:\\\/\\\/naturanda.com\\\/que-ver-y-que-hacer-en-madrid\\\/#breadcrumb\"},\"inLanguage\":\"it-IT\",\"potentialAction\":[{\"@type\":\"ReadAction\",\"target\":[\"https:\\\/\\\/naturanda.com\\\/que-ver-y-que-hacer-en-madrid\\\/\"]}]},{\"@type\":\"ImageObject\",\"inLanguage\":\"it-IT\",\"@id\":\"https:\\\/\\\/naturanda.com\\\/que-ver-y-que-hacer-en-madrid\\\/#primaryimage\",\"url\":\"https:\\\/\\\/naturanda.com\\\/wp-content\\\/uploads\\\/2021\\\/07\\\/que-hacer-en-Madrid.jpg\",\"contentUrl\":\"https:\\\/\\\/naturanda.com\\\/wp-content\\\/uploads\\\/2021\\\/07\\\/que-hacer-en-Madrid.jpg\",\"width\":1920,\"height\":741,\"caption\":\"Cosa fare a Madrid\"},{\"@type\":\"BreadcrumbList\",\"@id\":\"https:\\\/\\\/naturanda.com\\\/que-ver-y-que-hacer-en-madrid\\\/#breadcrumb\",\"itemListElement\":[{\"@type\":\"ListItem\",\"position\":1,\"name\":\"Home\",\"item\":\"https:\\\/\\\/naturanda.com\\\/\"},{\"@type\":\"ListItem\",\"position\":2,\"name\":\"Madrid\",\"item\":\"https:\\\/\\\/naturanda.com\\\/en\\\/madrid-en\\\/\"},{\"@type\":\"ListItem\",\"position\":3,\"name\":\"Cosa vedere e fare a Madrid\"}]},{\"@type\":\"WebSite\",\"@id\":\"https:\\\/\\\/naturanda.com\\\/#website\",\"url\":\"https:\\\/\\\/naturanda.com\\\/\",\"name\":\"Naturanda\",\"description\":\"\",\"publisher\":{\"@id\":\"https:\\\/\\\/naturanda.com\\\/#organization\"},\"potentialAction\":[{\"@type\":\"SearchAction\",\"target\":{\"@type\":\"EntryPoint\",\"urlTemplate\":\"https:\\\/\\\/naturanda.com\\\/?s={search_term_string}\"},\"query-input\":{\"@type\":\"PropertyValueSpecification\",\"valueRequired\":true,\"valueName\":\"search_term_string\"}}],\"inLanguage\":\"it-IT\"},{\"@type\":\"Organization\",\"@id\":\"https:\\\/\\\/naturanda.com\\\/#organization\",\"name\":\"Naturanda\",\"url\":\"https:\\\/\\\/naturanda.com\\\/\",\"logo\":{\"@type\":\"ImageObject\",\"inLanguage\":\"it-IT\",\"@id\":\"https:\\\/\\\/naturanda.com\\\/#\\\/schema\\\/logo\\\/image\\\/\",\"url\":\"https:\\\/\\\/naturanda.com\\\/wp-content\\\/uploads\\\/2024\\\/10\\\/Naturanda_export1@4x.png\",\"contentUrl\":\"https:\\\/\\\/naturanda.com\\\/wp-content\\\/uploads\\\/2024\\\/10\\\/Naturanda_export1@4x.png\",\"width\":1916,\"height\":250,\"caption\":\"Naturanda\"},\"image\":{\"@id\":\"https:\\\/\\\/naturanda.com\\\/#\\\/schema\\\/logo\\\/image\\\/\"},\"sameAs\":[\"https:\\\/\\\/www.facebook.com\\\/naturandaturismo\\\/\",\"https:\\\/\\\/x.com\\\/naturanda\",\"https:\\\/\\\/www.instagram.com\\\/naturandatours\"]},{\"@type\":\"Person\",\"@id\":\"https:\\\/\\\/naturanda.com\\\/#\\\/schema\\\/person\\\/a44aaf8721f30d5e0681613191f1e222\",\"name\":\"David\",\"image\":{\"@type\":\"ImageObject\",\"inLanguage\":\"it-IT\",\"@id\":\"https:\\\/\\\/secure.gravatar.com\\\/avatar\\\/bba88eddf30b897a32ac0acd812ffb77e225bec6ab2b469f39fb48d561b8b684?s=96&d=mm&r=g\",\"url\":\"https:\\\/\\\/secure.gravatar.com\\\/avatar\\\/bba88eddf30b897a32ac0acd812ffb77e225bec6ab2b469f39fb48d561b8b684?s=96&d=mm&r=g\",\"contentUrl\":\"https:\\\/\\\/secure.gravatar.com\\\/avatar\\\/bba88eddf30b897a32ac0acd812ffb77e225bec6ab2b469f39fb48d561b8b684?s=96&d=mm&r=g\",\"caption\":\"David\"}}]}<\/script>\n<!-- \/ Yoast SEO Premium plugin. -->","yoast_head_json":{"title":"Cosa vedere e fare a Madrid oggi o questo fine settimana \/ Visita Madrid","description":"I migliori programmi da fare a Madrid in uno, due e tre giorni. Non puoi perderli se vieni a visitare Madrid. Per tutti, famiglia, bambini e amici.","robots":{"index":"index","follow":"follow","max-snippet":"max-snippet:-1","max-image-preview":"max-image-preview:large","max-video-preview":"max-video-preview:-1"},"canonical":"https:\/\/naturanda.com\/que-ver-y-que-hacer-en-madrid\/","og_locale":"it_IT","og_type":"article","og_title":"Cosa vedere e fare a Madrid","og_description":"I migliori programmi da fare a Madrid in uno, due e tre giorni. Non puoi perderli se vieni a visitare Madrid. Per tutti, famiglia, bambini e amici.","og_url":"https:\/\/naturanda.com\/que-ver-y-que-hacer-en-madrid\/","og_site_name":"Naturanda","article_publisher":"https:\/\/www.facebook.com\/naturandaturismo\/","article_published_time":"2022-04-13T11:11:40+00:00","article_modified_time":"2022-04-13T11:11:54+00:00","og_image":[{"width":1920,"height":741,"url":"https:\/\/naturanda.com\/wp-content\/uploads\/2021\/07\/que-hacer-en-Madrid.jpg","type":"image\/jpeg"}],"author":"David","twitter_card":"summary_large_image","twitter_creator":"@naturanda","twitter_site":"@naturanda","schema":{"@context":"https:\/\/schema.org","@graph":[{"@type":"Article","@id":"https:\/\/naturanda.com\/que-ver-y-que-hacer-en-madrid\/#article","isPartOf":{"@id":"https:\/\/naturanda.com\/que-ver-y-que-hacer-en-madrid\/"},"author":{"name":"David","@id":"https:\/\/naturanda.com\/#\/schema\/person\/a44aaf8721f30d5e0681613191f1e222"},"headline":"Cosa vedere e fare a Madrid","datePublished":"2022-04-13T11:11:40+00:00","dateModified":"2022-04-13T11:11:54+00:00","mainEntityOfPage":{"@id":"https:\/\/naturanda.com\/que-ver-y-que-hacer-en-madrid\/"},"wordCount":2074,"publisher":{"@id":"https:\/\/naturanda.com\/#organization"},"image":{"@id":"https:\/\/naturanda.com\/que-ver-y-que-hacer-en-madrid\/#primaryimage"},"thumbnailUrl":"https:\/\/naturanda.com\/wp-content\/uploads\/2021\/07\/que-hacer-en-Madrid.jpg","articleSection":["Madrid"],"inLanguage":"it-IT"},{"@type":"WebPage","@id":"https:\/\/naturanda.com\/que-ver-y-que-hacer-en-madrid\/","url":"https:\/\/naturanda.com\/que-ver-y-que-hacer-en-madrid\/","name":"Cosa vedere e fare a Madrid oggi o questo fine settimana \/ Visita Madrid","isPartOf":{"@id":"https:\/\/naturanda.com\/#website"},"primaryImageOfPage":{"@id":"https:\/\/naturanda.com\/que-ver-y-que-hacer-en-madrid\/#primaryimage"},"image":{"@id":"https:\/\/naturanda.com\/que-ver-y-que-hacer-en-madrid\/#primaryimage"},"thumbnailUrl":"https:\/\/naturanda.com\/wp-content\/uploads\/2021\/07\/que-hacer-en-Madrid.jpg","datePublished":"2022-04-13T11:11:40+00:00","dateModified":"2022-04-13T11:11:54+00:00","description":"I migliori programmi da fare a Madrid in uno, due e tre giorni. Non puoi perderli se vieni a visitare Madrid. Per tutti, famiglia, bambini e amici.","breadcrumb":{"@id":"https:\/\/naturanda.com\/que-ver-y-que-hacer-en-madrid\/#breadcrumb"},"inLanguage":"it-IT","potentialAction":[{"@type":"ReadAction","target":["https:\/\/naturanda.com\/que-ver-y-que-hacer-en-madrid\/"]}]},{"@type":"ImageObject","inLanguage":"it-IT","@id":"https:\/\/naturanda.com\/que-ver-y-que-hacer-en-madrid\/#primaryimage","url":"https:\/\/naturanda.com\/wp-content\/uploads\/2021\/07\/que-hacer-en-Madrid.jpg","contentUrl":"https:\/\/naturanda.com\/wp-content\/uploads\/2021\/07\/que-hacer-en-Madrid.jpg","width":1920,"height":741,"caption":"Cosa fare a Madrid"},{"@type":"BreadcrumbList","@id":"https:\/\/naturanda.com\/que-ver-y-que-hacer-en-madrid\/#breadcrumb","itemListElement":[{"@type":"ListItem","position":1,"name":"Home","item":"https:\/\/naturanda.com\/"},{"@type":"ListItem","position":2,"name":"Madrid","item":"https:\/\/naturanda.com\/en\/madrid-en\/"},{"@type":"ListItem","position":3,"name":"Cosa vedere e fare a Madrid"}]},{"@type":"WebSite","@id":"https:\/\/naturanda.com\/#website","url":"https:\/\/naturanda.com\/","name":"Naturanda","description":"","publisher":{"@id":"https:\/\/naturanda.com\/#organization"},"potentialAction":[{"@type":"SearchAction","target":{"@type":"EntryPoint","urlTemplate":"https:\/\/naturanda.com\/?s={search_term_string}"},"query-input":{"@type":"PropertyValueSpecification","valueRequired":true,"valueName":"search_term_string"}}],"inLanguage":"it-IT"},{"@type":"Organization","@id":"https:\/\/naturanda.com\/#organization","name":"Naturanda","url":"https:\/\/naturanda.com\/","logo":{"@type":"ImageObject","inLanguage":"it-IT","@id":"https:\/\/naturanda.com\/#\/schema\/logo\/image\/","url":"https:\/\/naturanda.com\/wp-content\/uploads\/2024\/10\/Naturanda_export1@4x.png","contentUrl":"https:\/\/naturanda.com\/wp-content\/uploads\/2024\/10\/Naturanda_export1@4x.png","width":1916,"height":250,"caption":"Naturanda"},"image":{"@id":"https:\/\/naturanda.com\/#\/schema\/logo\/image\/"},"sameAs":["https:\/\/www.facebook.com\/naturandaturismo\/","https:\/\/x.com\/naturanda","https:\/\/www.instagram.com\/naturandatours"]},{"@type":"Person","@id":"https:\/\/naturanda.com\/#\/schema\/person\/a44aaf8721f30d5e0681613191f1e222","name":"David","image":{"@type":"ImageObject","inLanguage":"it-IT","@id":"https:\/\/secure.gravatar.com\/avatar\/bba88eddf30b897a32ac0acd812ffb77e225bec6ab2b469f39fb48d561b8b684?s=96&d=mm&r=g","url":"https:\/\/secure.gravatar.com\/avatar\/bba88eddf30b897a32ac0acd812ffb77e225bec6ab2b469f39fb48d561b8b684?s=96&d=mm&r=g","contentUrl":"https:\/\/secure.gravatar.com\/avatar\/bba88eddf30b897a32ac0acd812ffb77e225bec6ab2b469f39fb48d561b8b684?s=96&d=mm&r=g","caption":"David"}}]}},"_links":{"self":[{"href":"https:\/\/naturanda.com\/it\/wp-json\/wp\/v2\/posts\/20449","targetHints":{"allow":["GET"]}}],"collection":[{"href":"https:\/\/naturanda.com\/it\/wp-json\/wp\/v2\/posts"}],"about":[{"href":"https:\/\/naturanda.com\/it\/wp-json\/wp\/v2\/types\/post"}],"author":[{"embeddable":true,"href":"https:\/\/naturanda.com\/it\/wp-json\/wp\/v2\/users\/1"}],"replies":[{"embeddable":true,"href":"https:\/\/naturanda.com\/it\/wp-json\/wp\/v2\/comments?post=20449"}],"version-history":[{"count":0,"href":"https:\/\/naturanda.com\/it\/wp-json\/wp\/v2\/posts\/20449\/revisions"}],"wp:featuredmedia":[{"embeddable":true,"href":"https:\/\/naturanda.com\/it\/wp-json\/wp\/v2\/media\/14685"}],"wp:attachment":[{"href":"https:\/\/naturanda.com\/it\/wp-json\/wp\/v2\/media?parent=20449"}],"wp:term":[{"taxonomy":"category","embeddable":true,"href":"https:\/\/naturanda.com\/it\/wp-json\/wp\/v2\/categories?post=20449"},{"taxonomy":"post_tag","embeddable":true,"href":"https:\/\/naturanda.com\/it\/wp-json\/wp\/v2\/tags?post=20449"}],"curies":[{"name":"wp","href":"https:\/\/api.w.org\/{rel}","templated":true}]}}